{"id":1871,"date":"2021-07-06T14:39:30","date_gmt":"2021-07-06T12:39:30","guid":{"rendered":"https:\/\/fdp-aktiv.de\/blog\/?p=1871"},"modified":"2021-11-05T06:10:44","modified_gmt":"2021-11-05T05:10:44","slug":"baden-wuerttemberg-startschuss-aber-kein-grosser-wurf","status":"publish","type":"post","link":"https:\/\/fdp-aktiv.de\/blog\/2021\/07\/06\/baden-wuerttemberg-startschuss-aber-kein-grosser-wurf\/","title":{"rendered":"Baden-W\u00fcrttemberg: Startschuss, aber kein gro\u00dfer Wurf"},"content":{"rendered":"<p>Ohne blauen Wasserstoff wird der Markthochlauf nicht gelingen.<\/p>\n<figure style=\"width: 960px\" class=\"wp-caption aligncenter\"><img loading=\"lazy\" decoding=\"async\" src=\"https:\/\/cdn.pixabay.com\/photo\/2021\/06\/24\/20\/30\/hydrogen-6362274_960_720.png\" srcset=\"https:\/\/cdn.pixabay.com\/photo\/2021\/06\/24\/20\/30\/hydrogen-6362274_960_720.png 1x, https:\/\/cdn.pixabay.com\/photo\/2021\/06\/24\/20\/30\/hydrogen-6362274_1280.png 2x\" alt=\"Wasserstoff, Transportmittel, Industrie, H2, Mobilit\u00e4t\" width=\"960\" height=\"376\" \/><figcaption class=\"wp-caption-text\">Wasserstoff Bild: akitada31 \/ pixabay.de<\/figcaption><\/figure>\n<p>&nbsp;<\/p>\n<p>Zur Meldung, dass das Land sechs Projekte in Baden-W\u00fcrttemberg im Bereich der Wasserstoff- und Brennstoffzellentechnologie mit rund 350 Millionen Euro in den kommenden f\u00fcnf Jahren kofinanzieren will, sofern diese vom Bund gef\u00f6rdert werden, sagte der klimaschutzpolitische Sprecher der FDP\/DVP Fraktion,<\/p>\n<p><strong>Daniel Karrais<\/strong>:<\/p>\n<p>\u201eZur Energiewende durch Wasserstoff geh\u00f6rt deutlich mehr als der Automobilbereich. Es braucht auch Projekte im Bereich der Geb\u00e4udew\u00e4rme, Industrieprozesse und vor allem der Infrastruktur \u00fcber Pipelines. Alle St\u00e4dte s\u00fcdlich der Achse Ulm-Stuttgart sind in Planungen nicht an gro\u00dfe Wasserstoffpipelines angebunden. Hier muss nachgelegt werden, um eine ganzheitliche Energiewende mit Wasserstoff im Land \u00fcberhaupt erreichen zu k\u00f6nnen. Auch der einseitige Fokus auf die Produktion von gr\u00fcnem Wasserstoff wird kurz- und mittelfristig nicht den Bedarf decken k\u00f6nnen. Ehrlicher w\u00e4re es, auch Projekte f\u00fcr blauen Wasserstoff zu f\u00f6rdern. Das beinhaltet dann aber auch die von Gr\u00fcnen ungeliebte CO2-Speicherung, um Klimaneutralit\u00e4t herzustellen. Ohne blauen Wasserstoff wird der Markthochlauf nicht gelingen. Es reicht nicht, bei der CO2-Speicherung auf andere L\u00e4nder zu verweisen. Auch bei uns m\u00fcssen solche Techniken zum Einsatz kommen.<\/p>\n<p>Die Bereitschaft der Landesregierung vom Bund gef\u00f6rderte Projekte im Bereich der Wasserstoff- und Brennstoffzellentechnologie im Land zu unterst\u00fctzen, ist also kein Grund f\u00fcr Euphorie. Sie ist ein Startschuss, aber kein gro\u00dfer Wurf. Das Tempo m\u00fcsste viel h\u00f6her sein, wenn Ministerpr\u00e4sident Kretschmann es ernst damit meint, Baden-W\u00fcrttemberg zum f\u00fchrenden Standort f\u00fcr die Wasserstoff- und Brennstoffzellentechnologie zu machen.\u201c<\/p>\n","protected":false},"excerpt":{"rendered":"<p>Ohne blauen Wasserstoff wird der Markthochlauf nicht gelingen. &nbsp; Zur Meldung, dass das Land sechs Projekte in Baden-W\u00fcrttemberg im Bereich der Wasserstoff- und Brennstoffzellentechnologie mit rund 350 Millionen Euro in [&#8230;]<\/p>\n","protected":false},"author":1,"featured_media":0,"comment_status":"open","ping_status":"closed","sticky":false,"template":"","format":"standard","meta":{"footnotes":""},"categories":[8],"tags":[1079,1049,651,650,1083,942],"class_list":["post-1871","post","type-post","status-publish","format-standard","hentry","category-wirtschaft","tag-brennstoffzelle","tag-btw21","tag-daniel-karrais","tag-fdp-dvp","tag-kofinanzierung","tag-wasserstoff"],"_links":{"self":[{"href":"https:\/\/fdp-aktiv.de\/blog\/wp-json\/wp\/v2\/posts\/1871","targetHints":{"allow":["GET"]}}],"collection":[{"href":"https:\/\/fdp-aktiv.de\/blog\/wp-json\/wp\/v2\/posts"}],"about":[{"href":"https:\/\/fdp-aktiv.de\/blog\/wp-json\/wp\/v2\/types\/post"}],"author":[{"embeddable":true,"href":"https:\/\/fdp-aktiv.de\/blog\/wp-json\/wp\/v2\/users\/1"}],"replies":[{"embeddable":true,"href":"https:\/\/fdp-aktiv.de\/blog\/wp-json\/wp\/v2\/comments?post=1871"}],"version-history":[{"count":2,"href":"https:\/\/fdp-aktiv.de\/blog\/wp-json\/wp\/v2\/posts\/1871\/revisions"}],"predecessor-version":[{"id":1873,"href":"https:\/\/fdp-aktiv.de\/blog\/wp-json\/wp\/v2\/posts\/1871\/revisions\/1873"}],"wp:attachment":[{"href":"https:\/\/fdp-aktiv.de\/blog\/wp-json\/wp\/v2\/media?parent=1871"}],"wp:term":[{"taxonomy":"category","embeddable":true,"href":"https:\/\/fdp-aktiv.de\/blog\/wp-json\/wp\/v2\/categories?post=1871"},{"taxonomy":"post_tag","embeddable":true,"href":"https:\/\/fdp-aktiv.de\/blog\/wp-json\/wp\/v2\/tags?post=1871"}],"curies":[{"name":"wp","href":"https:\/\/api.w.org\/{rel}","templated":true}]}}