{"id":1893,"date":"2021-07-09T16:17:03","date_gmt":"2021-07-09T14:17:03","guid":{"rendered":"https:\/\/fdp-aktiv.de\/blog\/?p=1893"},"modified":"2021-07-09T16:17:03","modified_gmt":"2021-07-09T14:17:03","slug":"impfen-an-orten-mit-publikumsverkehr-impfzentren-schnell-schliessen","status":"publish","type":"post","link":"https:\/\/fdp-aktiv.de\/blog\/2021\/07\/09\/impfen-an-orten-mit-publikumsverkehr-impfzentren-schnell-schliessen\/","title":{"rendered":"Impfen an Orten mit Publikumsverkehr \u2013 Impfzentren schnell schlie\u00dfen"},"content":{"rendered":"<p>Der FDP-Landesvorsitzende Oliver Luksic fordert kreative Ideen f\u00fcr Impfungen an Orten mit viel Publikumsverkehr, um den Impfturbo schnell zu z\u00fcnden:<\/p>\n<p>&nbsp;<\/p>\n<p><img decoding=\"async\" src=\"https:\/\/cdn.pixabay.com\/photo\/2016\/12\/05\/19\/40\/syringe-1884758_960_720.jpg\" srcset=\"https:\/\/cdn.pixabay.com\/photo\/2016\/12\/05\/19\/40\/syringe-1884758_960_720.jpg 1x, https:\/\/cdn.pixabay.com\/photo\/2016\/12\/05\/19\/40\/syringe-1884758_1280.jpg 2x\" alt=\"Spritze, Schuss, Medizin, Flasche, Medizinische, Nadel\" width=\"960\" height=\"575.9999999999989\" \/><\/p>\n<p>\u201eWir m\u00fcssen den Sommer nutzen um die Impfquote auf freiwilliger Basis zu steigern, um f\u00fcr den Herbst gut ger\u00fcstet zu sein. Die Impfteams sollten dort impfen k\u00f6nnen, wo sie die Menschen niedrigschwellig erreichen k\u00f6nnen, beispielsweise in Superm\u00e4rkten, Jobcentern, Schwimmb\u00e4dern oder Kinos. Andere L\u00e4nder wie Israel oder die USA haben vorgemacht, dass fl\u00e4chendeckende Impfungen so besser erreicht werden k\u00f6nnen. Gleichzeitig k\u00f6nnen die relativ teuren Impfzentren so schneller geschlossen werden. Um den Impfturbo zu z\u00fcnden, sollten weniger die Anreize erh\u00f6ht werden als vielmehr die Impfung erleichtert werden\u201c.<\/p>\n","protected":false},"excerpt":{"rendered":"<p>Der FDP-Landesvorsitzende Oliver Luksic fordert kreative Ideen f\u00fcr Impfungen an Orten mit viel Publikumsverkehr, um den Impfturbo schnell zu z\u00fcnden: &nbsp; \u201eWir m\u00fcssen den Sommer nutzen um die Impfquote auf [&#8230;]<\/p>\n","protected":false},"author":1,"featured_media":0,"comment_status":"open","ping_status":"closed","sticky":false,"template":"","format":"standard","meta":{"footnotes":""},"categories":[4,123],"tags":[708,20,1102,762],"class_list":["post-1893","post","type-post","status-publish","format-standard","hentry","category-covid-19","category-gesundheit","tag-fdp-saar","tag-impfung","tag-impfzentren","tag-oliver-luksic"],"_links":{"self":[{"href":"https:\/\/fdp-aktiv.de\/blog\/wp-json\/wp\/v2\/posts\/1893","targetHints":{"allow":["GET"]}}],"collection":[{"href":"https:\/\/fdp-aktiv.de\/blog\/wp-json\/wp\/v2\/posts"}],"about":[{"href":"https:\/\/fdp-aktiv.de\/blog\/wp-json\/wp\/v2\/types\/post"}],"author":[{"embeddable":true,"href":"https:\/\/fdp-aktiv.de\/blog\/wp-json\/wp\/v2\/users\/1"}],"replies":[{"embeddable":true,"href":"https:\/\/fdp-aktiv.de\/blog\/wp-json\/wp\/v2\/comments?post=1893"}],"version-history":[{"count":1,"href":"https:\/\/fdp-aktiv.de\/blog\/wp-json\/wp\/v2\/posts\/1893\/revisions"}],"predecessor-version":[{"id":1894,"href":"https:\/\/fdp-aktiv.de\/blog\/wp-json\/wp\/v2\/posts\/1893\/revisions\/1894"}],"wp:attachment":[{"href":"https:\/\/fdp-aktiv.de\/blog\/wp-json\/wp\/v2\/media?parent=1893"}],"wp:term":[{"taxonomy":"category","embeddable":true,"href":"https:\/\/fdp-aktiv.de\/blog\/wp-json\/wp\/v2\/categories?post=1893"},{"taxonomy":"post_tag","embeddable":true,"href":"https:\/\/fdp-aktiv.de\/blog\/wp-json\/wp\/v2\/tags?post=1893"}],"curies":[{"name":"wp","href":"https:\/\/api.w.org\/{rel}","templated":true}]}}