{"id":1903,"date":"2021-07-12T11:08:54","date_gmt":"2021-07-12T09:08:54","guid":{"rendered":"https:\/\/fdp-aktiv.de\/blog\/?p=1903"},"modified":"2022-10-29T10:38:08","modified_gmt":"2022-10-29T08:38:08","slug":"deutschland-muss-endlich-zu-einem-land-der-eigentuemer-werden","status":"publish","type":"post","link":"https:\/\/fdp-aktiv.de\/blog\/2021\/07\/12\/deutschland-muss-endlich-zu-einem-land-der-eigentuemer-werden\/","title":{"rendered":"Deutschland muss endlich zu einem Land der Eigent\u00fcmer werden!"},"content":{"rendered":"<p><strong>Christopher Vogt (Schleswig-Holstein): FDP-Fraktion begr\u00fc\u00dft den sozialdemokratischen Kurswechsel bei der Grunderwerbsteuer<\/strong><\/p>\n<p><img decoding=\"async\" src=\"https:\/\/cdn.pixabay.com\/photo\/2020\/02\/02\/17\/06\/living-room-modern-tv-4813589_960_720.jpg\" srcset=\"https:\/\/cdn.pixabay.com\/photo\/2020\/02\/02\/17\/06\/living-room-modern-tv-4813589_960_720.jpg 1x, https:\/\/cdn.pixabay.com\/photo\/2020\/02\/02\/17\/06\/living-room-modern-tv-4813589_1280.jpg 2x\" alt=\"Wohnzimmer Modern-Tv, Gep\u00e4ck, Moderne, Wohnung, Sofa\" width=\"960\" height=\"574.628571428573\" \/><\/p>\n<p>Zur SPD-Forderung nach einer familienfreundlichen Grunderwerbsteuer erkl\u00e4rt der Vorsitzende der FDP-Landtagsfraktion, <strong>Christopher Vogt<\/strong>:<\/p>\n<p>\u201eDeutschland muss endlich zu einem Land der Eigent\u00fcmer werden, um mehr Wohlstand f\u00fcr eine m\u00f6glichst breite Mittelschicht zu schaffen. Wir begr\u00fc\u00dfen es deshalb sehr, dass jetzt auch die SPD-Fraktion den FDP-Vorschlag f\u00fcr eine familienfreundliche Grunderwerbsteuer im Kern unterst\u00fctzt. Wir hatten bereits zur Landtagswahl 2017 vorgeschlagen, dass es f\u00fcr die erste selbstgenutzte Wohnimmobilie einen hohen Freibetrag bei der Grunderwerbsteuer geben sollte. Dies schl\u00e4gt die FDP nun auch in ihrem aktuellen Bundestagswahlprogramm vor. Schleswig-Holstein hat aktuell mit 6,5 Prozent leider noch mit die h\u00f6chste Grunderwerbsteuer, was erst in der letzten Wahlperiode unter Federf\u00fchrung der SPD beschlossen wurde. Insofern sind wir von diesem sozialdemokratischen Kurswechsel sehr positiv \u00fcberrascht.<\/p>\n<p>Ein entsprechender Freibetrag w\u00fcrde mehr Menschen als bisher den Erwerb oder den Bau von Wohneigentum erm\u00f6glichen, was gerade f\u00fcr die junge Generation ein wichtiger Baustein bei der Altersvorsorge sein kann. Denn die hohen Kaufnebenkosten, die in der Regel aus dem Eigenkapital finanziert werden m\u00fcssen, stellen bisher f\u00fcr viele Familien eine hohe H\u00fcrde dar. Der Landeshaushalt hat \u00fcber die Grunderwerbsteuer vom Immobilienboom der letzten Jahre in erheblichem Ma\u00dfe profitiert. Zudem gibt es jetzt eine bundesweite Neuregelung beim Thema Share Deals. Auch wenn es sicherlich noch nicht der Weisheit letzter Schluss ist, worauf sich die GroKo zum Schlie\u00dfen dieses Steuerschlupfloches f\u00fcr Unternehmen geeinigt hat, wollen wir die zu erwartenden Mehreinnahmen f\u00fcr eine familienfreundliche L\u00f6sung bei der Grunderwerbsteuer nutzen. Wir haben dies im Jamaika-Koalitionsvertrag vereinbart, so dass ich sehr zuversichtlich bin, dass wir noch in dieser Wahlperiode einen ersten Schritt in Richtung einer familienfreundlichen Grunderwerbsteuer in Schleswig-Holstein gehen werden.\u201c<\/p>\n","protected":false},"excerpt":{"rendered":"<p>Christopher Vogt (Schleswig-Holstein): FDP-Fraktion begr\u00fc\u00dft den sozialdemokratischen Kurswechsel bei der Grunderwerbsteuer Zur SPD-Forderung nach einer familienfreundlichen Grunderwerbsteuer erkl\u00e4rt der Vorsitzende der FDP-Landtagsfraktion, Christopher Vogt: \u201eDeutschland muss endlich zu einem Land [&#8230;]<\/p>\n","protected":false},"author":1,"featured_media":0,"comment_status":"open","ping_status":"closed","sticky":false,"template":"","format":"standard","meta":{"footnotes":""},"categories":[55,536,8],"tags":[1049,599,907,814,901,2114,1116,1114,1115,1117],"class_list":["post-1903","post","type-post","status-publish","format-standard","hentry","category-finanzen","category-sicherheit","category-wirtschaft","tag-btw21","tag-christopher-vogt","tag-fdp-aktiv","tag-fdp-lsh","tag-groko","tag-grunderwerbsteuer","tag-jamaika-koalitionsvertrag","tag-kurswechsel","tag-steuerschlupfloch","tag-wohnimmobilie"],"_links":{"self":[{"href":"https:\/\/fdp-aktiv.de\/blog\/wp-json\/wp\/v2\/posts\/1903","targetHints":{"allow":["GET"]}}],"collection":[{"href":"https:\/\/fdp-aktiv.de\/blog\/wp-json\/wp\/v2\/posts"}],"about":[{"href":"https:\/\/fdp-aktiv.de\/blog\/wp-json\/wp\/v2\/types\/post"}],"author":[{"embeddable":true,"href":"https:\/\/fdp-aktiv.de\/blog\/wp-json\/wp\/v2\/users\/1"}],"replies":[{"embeddable":true,"href":"https:\/\/fdp-aktiv.de\/blog\/wp-json\/wp\/v2\/comments?post=1903"}],"version-history":[{"count":1,"href":"https:\/\/fdp-aktiv.de\/blog\/wp-json\/wp\/v2\/posts\/1903\/revisions"}],"predecessor-version":[{"id":1904,"href":"https:\/\/fdp-aktiv.de\/blog\/wp-json\/wp\/v2\/posts\/1903\/revisions\/1904"}],"wp:attachment":[{"href":"https:\/\/fdp-aktiv.de\/blog\/wp-json\/wp\/v2\/media?parent=1903"}],"wp:term":[{"taxonomy":"category","embeddable":true,"href":"https:\/\/fdp-aktiv.de\/blog\/wp-json\/wp\/v2\/categories?post=1903"},{"taxonomy":"post_tag","embeddable":true,"href":"https:\/\/fdp-aktiv.de\/blog\/wp-json\/wp\/v2\/tags?post=1903"}],"curies":[{"name":"wp","href":"https:\/\/api.w.org\/{rel}","templated":true}]}}