{"id":1939,"date":"2021-07-16T07:28:11","date_gmt":"2021-07-16T05:28:11","guid":{"rendered":"https:\/\/fdp-aktiv.de\/blog\/?p=1939"},"modified":"2021-07-16T07:28:11","modified_gmt":"2021-07-16T05:28:11","slug":"alleinerziehende-unbuerokratisch-entlasten","status":"publish","type":"post","link":"https:\/\/fdp-aktiv.de\/blog\/2021\/07\/16\/alleinerziehende-unbuerokratisch-entlasten\/","title":{"rendered":"Alleinerziehende unb\u00fcrokratisch entlasten"},"content":{"rendered":"<div class=\"clearfix text-formatted field field--name-body field--type-text-with-summary field--label-hidden field__item\">\n<p>Zur Bertelsmann-Studie zum Armutsrisiko von Alleinerziehenden erkl\u00e4rt der familienpolitische Sprecher der FDP-Fraktion Grigorios Aggelidis:<\/p>\n<figure style=\"width: 960px\" class=\"wp-caption alignnone\"><img loading=\"lazy\" decoding=\"async\" src=\"https:\/\/cdn.pixabay.com\/photo\/2016\/09\/03\/09\/18\/girl-1641215_960_720.jpg\" srcset=\"https:\/\/cdn.pixabay.com\/photo\/2016\/09\/03\/09\/18\/girl-1641215_960_720.jpg 1x, https:\/\/cdn.pixabay.com\/photo\/2016\/09\/03\/09\/18\/girl-1641215_1280.jpg 2x\" alt=\"M\u00e4dchen, Vater, Portr\u00e4t, Familie, Vaterschaft, Eltern\" width=\"960\" height=\"640\" \/><figcaption class=\"wp-caption-text\">Bild: ddimitova \/ pixabay<\/figcaption><\/figure>\n<p>\u201eDie Studie zeigt, dass wir schnell handeln m\u00fcssen, um alleinerziehende\u00a0M\u00fctter und V\u00e4ter endlich zu entlasten und besser vor Armut zu sch\u00fctzen. Die FDP-Fraktion fordert deshalb, Alleinerziehende beim Einkommensteuergesetz sofort und unb\u00fcrokratisch zu entlasten. Daf\u00fcr sollte der Alleinerziehendenfreibetrag angepasst werden. So k\u00f6nnen auch Familien entlastet werden, in denen vollj\u00e4hrige pflegebed\u00fcrftige Personen im selben Haushalt wohnen oder Kinder mit und ohne Kindergeldanspruch gemeinsam bei ihrem alleinerziehenden Elternteil leben. Zudem fordert die FDP-Fraktion die Einf\u00fchrung eines Kinderchancengeldes mit einem Grundbetrag, einem einkommensabh\u00e4ngigen Flexibetrag und einem Chancenpaket. Das Chancenpaket soll Angebote f\u00fcr Bildung und Teilhabe umfassen und nicht wie bisher bei anderen Sozialleistungen angerechnet werden oder von deren Bezug abh\u00e4ngen. Au\u00dferdem m\u00fcssen schleunigst mehr Kitapl\u00e4tze mit einer qualitativ hochwertigen Kinderbetreuung angeboten werden.\u201c<\/p>\n<\/div>\n","protected":false},"excerpt":{"rendered":"<p>Zur Bertelsmann-Studie zum Armutsrisiko von Alleinerziehenden erkl\u00e4rt der familienpolitische Sprecher der FDP-Fraktion Grigorios Aggelidis: \u201eDie Studie zeigt, dass wir schnell handeln m\u00fcssen, um alleinerziehende\u00a0M\u00fctter und V\u00e4ter endlich zu entlasten und [&#8230;]<\/p>\n","protected":false},"author":1,"featured_media":0,"comment_status":"open","ping_status":"closed","sticky":false,"template":"","format":"standard","meta":{"footnotes":""},"categories":[207],"tags":[1161,1162,1166,1049,35,1163,1139,13,907,1165,1160,1164],"class_list":["post-1939","post","type-post","status-publish","format-standard","hentry","category-familie-wohnen","tag-alleinerziehende","tag-armut","tag-bertelsmann-studie","tag-btw21","tag-chancen","tag-einkommenssteuergesetz","tag-entlastung","tag-fdp","tag-fdp-aktiv","tag-flexibeitrag","tag-grigorios-aggelidis","tag-kindergeldanspruch"],"_links":{"self":[{"href":"https:\/\/fdp-aktiv.de\/blog\/wp-json\/wp\/v2\/posts\/1939","targetHints":{"allow":["GET"]}}],"collection":[{"href":"https:\/\/fdp-aktiv.de\/blog\/wp-json\/wp\/v2\/posts"}],"about":[{"href":"https:\/\/fdp-aktiv.de\/blog\/wp-json\/wp\/v2\/types\/post"}],"author":[{"embeddable":true,"href":"https:\/\/fdp-aktiv.de\/blog\/wp-json\/wp\/v2\/users\/1"}],"replies":[{"embeddable":true,"href":"https:\/\/fdp-aktiv.de\/blog\/wp-json\/wp\/v2\/comments?post=1939"}],"version-history":[{"count":1,"href":"https:\/\/fdp-aktiv.de\/blog\/wp-json\/wp\/v2\/posts\/1939\/revisions"}],"predecessor-version":[{"id":1940,"href":"https:\/\/fdp-aktiv.de\/blog\/wp-json\/wp\/v2\/posts\/1939\/revisions\/1940"}],"wp:attachment":[{"href":"https:\/\/fdp-aktiv.de\/blog\/wp-json\/wp\/v2\/media?parent=1939"}],"wp:term":[{"taxonomy":"category","embeddable":true,"href":"https:\/\/fdp-aktiv.de\/blog\/wp-json\/wp\/v2\/categories?post=1939"},{"taxonomy":"post_tag","embeddable":true,"href":"https:\/\/fdp-aktiv.de\/blog\/wp-json\/wp\/v2\/tags?post=1939"}],"curies":[{"name":"wp","href":"https:\/\/api.w.org\/{rel}","templated":true}]}}