{"id":1943,"date":"2021-07-16T15:43:13","date_gmt":"2021-07-16T13:43:13","guid":{"rendered":"https:\/\/fdp-aktiv.de\/blog\/?p=1943"},"modified":"2021-08-25T08:11:49","modified_gmt":"2021-08-25T06:11:49","slug":"starkregen-und-unwetter-treffen-rheinland-pfalz-hart","status":"publish","type":"post","link":"https:\/\/fdp-aktiv.de\/blog\/2021\/07\/16\/starkregen-und-unwetter-treffen-rheinland-pfalz-hart\/","title":{"rendered":"Starkregen und Unwetter treffen Rheinland-Pfalz hart"},"content":{"rendered":"<p><strong>Philipp Fernis\/Marco Weber: Die Geschehnisse sind schockierend<\/strong><\/p>\n<p><strong>\u00a0<\/strong>Mainz. Starkregen und Unwetter haben gestern Abend und in der Nacht f\u00fcr teils verehrende Zust\u00e4nde in Teilen von Rheinland-Pfalz gesorgt. Insbesondere die Eifelregion und der Kreis Ahrweiler sind von \u00dcberflutungen betroffen. Es wurde der Katastrophenfall ausgerufen. Zur aktuellen Situation \u00e4u\u00dfern sich der Vorsitzende der FDP-Fraktion im Landtag Rheinland-Pfalz, <strong>Philipp Fernis<\/strong>, und der regionale Abgeordnete der FDP-Fraktion, <strong>Marco Weber<\/strong>:<\/p>\n<p><img loading=\"lazy\" decoding=\"async\" class=\"alignnone size-large wp-image-1945\" src=\"https:\/\/fdp-aktiv.de\/blog\/wp-content\/uploads\/2021\/07\/20210714_183200-1024x461.jpg\" alt=\"Beispielfoto: Hochwasser\" width=\"800\" height=\"360\" srcset=\"https:\/\/fdp-aktiv.de\/blog\/wp-content\/uploads\/2021\/07\/20210714_183200-1024x461.jpg 1024w, https:\/\/fdp-aktiv.de\/blog\/wp-content\/uploads\/2021\/07\/20210714_183200-300x135.jpg 300w, https:\/\/fdp-aktiv.de\/blog\/wp-content\/uploads\/2021\/07\/20210714_183200-768x346.jpg 768w, https:\/\/fdp-aktiv.de\/blog\/wp-content\/uploads\/2021\/07\/20210714_183200-1536x691.jpg 1536w, https:\/\/fdp-aktiv.de\/blog\/wp-content\/uploads\/2021\/07\/20210714_183200-2048x922.jpg 2048w\" sizes=\"auto, (max-width: 800px) 100vw, 800px\" \/><\/p>\n<p>&nbsp;<\/p>\n<p><strong>Philipp Fernis:<\/strong> \u201eDie Lage in der Eifel ist dramatisch. Die Nachrichten und Bilder aus der Region sind ersch\u00fctternd. Den Angeh\u00f6rigen der zu Tode gekommenen Menschen spreche ich meine tief empfundene Anteilnahme aus. Meine Gedanken sind auch bei denjenigen, die ihr Hab und Gut in den Fluten verloren haben. Dank des unerm\u00fcdlichen Einsatzes von Feuerwehr, Polizei, THW, Seelsorge und vielen weiteren konnte Not gelindert werden. F\u00fcr diesen sehr wichtigen Einsatz m\u00f6chte ich allen Beteiligten sehr herzlich danken.\u201c<\/p>\n<p><strong>Marco Weber:<\/strong> \u201eDie Situation in meiner Heimatregion macht mich betroffen. Den vielen Helferinnen und Helfern, die die ganze Nacht durch im Einsatz waren und auch heute weiter anpacken, danke ich von Herzen. Das Schicksal der betroffenen Menschen l\u00e4sst mich nicht kalt. Ich bin dankbar, dass Parteipolitik heute beiseitetritt. Es ist wichtig, dass wir alle gemeinsam nun die betroffenen B\u00fcrgerinnen und B\u00fcrger in den Mittelpunkt politischen Handelns stellen und gemeinsam schnelle Hilfe leisten.\u201c<\/p>\n<p><strong>\u00a0<\/strong><\/p>\n","protected":false},"excerpt":{"rendered":"<p>Philipp Fernis\/Marco Weber: Die Geschehnisse sind schockierend \u00a0Mainz. Starkregen und Unwetter haben gestern Abend und in der Nacht f\u00fcr teils verehrende Zust\u00e4nde in Teilen von Rheinland-Pfalz gesorgt. Insbesondere die Eifelregion [&#8230;]<\/p>\n","protected":false},"author":1,"featured_media":0,"comment_status":"open","ping_status":"closed","sticky":false,"template":"","format":"standard","meta":{"footnotes":""},"categories":[123,249],"tags":[1379,1169,1167,1168,1170],"class_list":["post-1943","post","type-post","status-publish","format-standard","hentry","category-gesundheit","category-umwelt","tag-fdp-rlp","tag-katastrophe","tag-marco-weber","tag-philipp-fernis","tag-unwetter"],"_links":{"self":[{"href":"https:\/\/fdp-aktiv.de\/blog\/wp-json\/wp\/v2\/posts\/1943","targetHints":{"allow":["GET"]}}],"collection":[{"href":"https:\/\/fdp-aktiv.de\/blog\/wp-json\/wp\/v2\/posts"}],"about":[{"href":"https:\/\/fdp-aktiv.de\/blog\/wp-json\/wp\/v2\/types\/post"}],"author":[{"embeddable":true,"href":"https:\/\/fdp-aktiv.de\/blog\/wp-json\/wp\/v2\/users\/1"}],"replies":[{"embeddable":true,"href":"https:\/\/fdp-aktiv.de\/blog\/wp-json\/wp\/v2\/comments?post=1943"}],"version-history":[{"count":1,"href":"https:\/\/fdp-aktiv.de\/blog\/wp-json\/wp\/v2\/posts\/1943\/revisions"}],"predecessor-version":[{"id":1946,"href":"https:\/\/fdp-aktiv.de\/blog\/wp-json\/wp\/v2\/posts\/1943\/revisions\/1946"}],"wp:attachment":[{"href":"https:\/\/fdp-aktiv.de\/blog\/wp-json\/wp\/v2\/media?parent=1943"}],"wp:term":[{"taxonomy":"category","embeddable":true,"href":"https:\/\/fdp-aktiv.de\/blog\/wp-json\/wp\/v2\/categories?post=1943"},{"taxonomy":"post_tag","embeddable":true,"href":"https:\/\/fdp-aktiv.de\/blog\/wp-json\/wp\/v2\/tags?post=1943"}],"curies":[{"name":"wp","href":"https:\/\/api.w.org\/{rel}","templated":true}]}}