{"id":1947,"date":"2021-07-19T14:29:00","date_gmt":"2021-07-19T12:29:00","guid":{"rendered":"https:\/\/fdp-aktiv.de\/blog\/?p=1947"},"modified":"2021-07-19T14:29:00","modified_gmt":"2021-07-19T12:29:00","slug":"pegasus-enthuellungen-sind-schockierend","status":"publish","type":"post","link":"https:\/\/fdp-aktiv.de\/blog\/2021\/07\/19\/pegasus-enthuellungen-sind-schockierend\/","title":{"rendered":"Pegasus-Enth\u00fcllungen sind schockierend"},"content":{"rendered":"<div class=\"clearfix text-formatted field field--name-body field--type-text-with-summary field--label-hidden field__item\">\n<p>Zu den Medienberichten, wonach mit der Software Pegasus zahlreiche Journalisten, Aktivisten und Politiker ausgesp\u00e4ht wurden, erkl\u00e4rt die menschenrechtspolitische Sprecherin der FDP-Fraktion und Vorsitzende des Menschenrechtsausschusses Gyde Jensen:<\/p>\n<p><img decoding=\"async\" src=\"https:\/\/cdn.pixabay.com\/photo\/2017\/10\/24\/07\/12\/question-mark-2883630_960_720.jpg\" srcset=\"https:\/\/cdn.pixabay.com\/photo\/2017\/10\/24\/07\/12\/question-mark-2883630_960_720.jpg 1x, https:\/\/cdn.pixabay.com\/photo\/2017\/10\/24\/07\/12\/question-mark-2883630_1280.jpg 2x\" alt=\"Fragezeichen, Hacker, Angriff, Maske, Internet\" width=\"960\" height=\"640.0\" \/><\/p>\n<p>\u201eDie Pegasus-Enth\u00fcllungen sind schockierend. In Gesellschaft und Politik muss endlich ein st\u00e4rkeres Bewusstsein daf\u00fcr entstehen, welche gro\u00dfe Rolle moderne Technologien f\u00fcr Autokraten bei \u00dcberwachung und Verfolgung von Journalisten und Oppositionellen spielen. Dass mit Ungarn auch ein EU-Land Journalisten und Regierungskritiker aussp\u00e4ht, als w\u00e4ren sie Terroristen, muss Konsequenzen nach sich ziehen. Die Recherchen zeigen auch, auf welchen gef\u00e4hrlichen Holzweg sich die Bundesregierung mit dem Staatstrojaner begeben hat: Sicherheitsl\u00fccken k\u00f6nnen mutige Menschenrechtsverteidiger die Freiheit kosten und sollten sofort geschlossen werden. Die Bundesregierung muss eine Strategie vorlegen, wie sie Menschenrechtsverteidiger, die im deutschen Exil leben, vor solchen Angriffen sch\u00fctzt. Gleichzeitig sollte die EU gemeinsame Linien in der R\u00fcstungskontrolle festlegen, zu denen auch der Export von \u00dcberwachungstechnologien als kritischer Bereich geh\u00f6ren muss.\u201c<\/p>\n<\/div>\n","protected":false},"excerpt":{"rendered":"<p>Zu den Medienberichten, wonach mit der Software Pegasus zahlreiche Journalisten, Aktivisten und Politiker ausgesp\u00e4ht wurden, erkl\u00e4rt die menschenrechtspolitische Sprecherin der FDP-Fraktion und Vorsitzende des Menschenrechtsausschusses Gyde Jensen: \u201eDie Pegasus-Enth\u00fcllungen sind [&#8230;]<\/p>\n","protected":false},"author":1,"featured_media":0,"comment_status":"open","ping_status":"closed","sticky":false,"template":"","format":"standard","meta":{"footnotes":""},"categories":[68,536],"tags":[1173,13,907,292,1171,1172,1174,899,1175,1176],"class_list":["post-1947","post","type-post","status-publish","format-standard","hentry","category-digital","category-sicherheit","tag-enthuellung","tag-fdp","tag-fdp-aktiv","tag-gyde-jensen","tag-pegasus","tag-software","tag-spionage","tag-staatstrojaner","tag-ueberwachung","tag-verfolgung"],"_links":{"self":[{"href":"https:\/\/fdp-aktiv.de\/blog\/wp-json\/wp\/v2\/posts\/1947","targetHints":{"allow":["GET"]}}],"collection":[{"href":"https:\/\/fdp-aktiv.de\/blog\/wp-json\/wp\/v2\/posts"}],"about":[{"href":"https:\/\/fdp-aktiv.de\/blog\/wp-json\/wp\/v2\/types\/post"}],"author":[{"embeddable":true,"href":"https:\/\/fdp-aktiv.de\/blog\/wp-json\/wp\/v2\/users\/1"}],"replies":[{"embeddable":true,"href":"https:\/\/fdp-aktiv.de\/blog\/wp-json\/wp\/v2\/comments?post=1947"}],"version-history":[{"count":1,"href":"https:\/\/fdp-aktiv.de\/blog\/wp-json\/wp\/v2\/posts\/1947\/revisions"}],"predecessor-version":[{"id":1948,"href":"https:\/\/fdp-aktiv.de\/blog\/wp-json\/wp\/v2\/posts\/1947\/revisions\/1948"}],"wp:attachment":[{"href":"https:\/\/fdp-aktiv.de\/blog\/wp-json\/wp\/v2\/media?parent=1947"}],"wp:term":[{"taxonomy":"category","embeddable":true,"href":"https:\/\/fdp-aktiv.de\/blog\/wp-json\/wp\/v2\/categories?post=1947"},{"taxonomy":"post_tag","embeddable":true,"href":"https:\/\/fdp-aktiv.de\/blog\/wp-json\/wp\/v2\/tags?post=1947"}],"curies":[{"name":"wp","href":"https:\/\/api.w.org\/{rel}","templated":true}]}}