{"id":1951,"date":"2021-07-19T17:22:12","date_gmt":"2021-07-19T15:22:12","guid":{"rendered":"https:\/\/fdp-aktiv.de\/blog\/?p=1951"},"modified":"2021-07-19T17:22:25","modified_gmt":"2021-07-19T15:22:25","slug":"10-fragen-an-christian-lindner","status":"publish","type":"post","link":"https:\/\/fdp-aktiv.de\/blog\/2021\/07\/19\/10-fragen-an-christian-lindner\/","title":{"rendered":"10 Fragen an Christian Lindner"},"content":{"rendered":"<p><iframe loading=\"lazy\" title=\"10 Fragen an Christian Lindner (FDP): Baerbock, Russland, Fridays For Future | Bundestagswahl\" width=\"800\" height=\"450\" src=\"https:\/\/www.youtube.com\/embed\/Way2tSKyQTw?feature=oembed\" frameborder=\"0\" allow=\"accelerometer; autoplay; clipboard-write; encrypted-media; gyroscope; picture-in-picture\" allowfullscreen><\/iframe><\/p>\n<div id=\"description\" class=\"style-scope ytd-video-secondary-info-renderer\"><span class=\"style-scope yt-formatted-string\" dir=\"auto\">Sie wollen in den Bundestag \u2013 wieder oder zum ersten Mal. Am 26. September wird ein neues Parlament gew\u00e4hlt, und es wird um jede Stimme gek\u00e4mpft. Auf den Stufen vom Reichstagsgeb\u00e4ude hinunter zur Spree interviewen die Kolleginnen und Kollegen unseres Hauptstadtb\u00fcros bis dahin ausgew\u00e4hlte Abgeordnete sowie Kandidatinnen und Kandidaten, die es werden wollen.<\/span><\/div>\n<div><\/div>\n<div><img loading=\"lazy\" decoding=\"async\" class=\"alignnone size-large wp-image-1952\" src=\"https:\/\/fdp-aktiv.de\/blog\/wp-content\/uploads\/2021\/07\/10_Stufen_FDP-1024x637.png\" alt=\"\" width=\"800\" height=\"498\" srcset=\"https:\/\/fdp-aktiv.de\/blog\/wp-content\/uploads\/2021\/07\/10_Stufen_FDP-1024x637.png 1024w, https:\/\/fdp-aktiv.de\/blog\/wp-content\/uploads\/2021\/07\/10_Stufen_FDP-300x187.png 300w, https:\/\/fdp-aktiv.de\/blog\/wp-content\/uploads\/2021\/07\/10_Stufen_FDP-768x478.png 768w, https:\/\/fdp-aktiv.de\/blog\/wp-content\/uploads\/2021\/07\/10_Stufen_FDP.png 1062w\" sizes=\"auto, (max-width: 800px) 100vw, 800px\" \/><\/div>\n<div><\/div>\n<div class=\"style-scope ytd-video-secondary-info-renderer\"><span class=\"style-scope yt-formatted-string\" dir=\"auto\">In \u201e10 Stufen, 10 Fragen\u201c geht es um Hochpolitisches, R\u00fcckblick und Ausblick, aber auch Privates, das die Politikerinnen und Politiker umtreibt. Heute zum Beispiel Christian Lindner. <\/span><\/div>\n<div><\/div>\n<div class=\"style-scope ytd-video-secondary-info-renderer\"><span class=\"style-scope yt-formatted-string\" dir=\"auto\">Der 42-j\u00e4hrige Bundesvorsitzende der FDP zog im Jahr 2009 erstmals als Abgeordneter in den Bundestag ein. Als Genralsekret\u00e4r seiner Partei und sp\u00e4ter als ihr Vorsitzender pr\u00e4gte er das Image der Liberalen ma\u00dfgeblich mit. Durch das Aufk\u00fcndigen von Koalitionsverhandlungen mit CDU\/CSU und den Gr\u00fcnen entschied sich die Partei im Jahr 2017 in die Opposition zu gehen. Im Interview spricht Lidner \u00fcber sein Verh\u00e4ltnis zur jungen Protestbewegung Fridays for Future, ob er gendert und den au\u00dfenpolitischen Kurs gegen\u00fcber Russland und Ungarn.<\/span><\/div>\n<div><\/div>\n<div class=\"style-scope ytd-video-secondary-info-renderer\"><span class=\"style-scope yt-formatted-string\" dir=\"auto\">Mehr zum Thema: <\/span><a class=\"yt-simple-endpoint style-scope yt-formatted-string\" dir=\"auto\" spellcheck=\"false\" href=\"https:\/\/www.youtube.com\/redirect?event=video_description&amp;redir_token=QUFFLUhqbVBxVmxtd0NaakhIWmxCVnB5eF9qblNyTXRYQXxBQ3Jtc0tucGdrODlpNHhuT1ZMcEptVkhsSFVkSnpzRGJaSGFSVGxOdW5LOUxjZ09WZTc0c1JYUkNSZzlJZE5xOVVkQjFUeUkwUmdtQzNZQTUwOW8zYndPQllJaGtHWC03SG5oN3JxQjExUzM4eHZhcEdaMFhuTQ&amp;q=https%3A%2F%2Fwww.stuttgarter-zeitung.de%2Fthema%2FBundestagswahl_2021\" target=\"_blank\" rel=\"nofollow noopener\">https:\/\/www.stuttgarter-zeitung.de\/th&#8230;<\/a><\/div>\n<div><\/div>\n<div class=\"style-scope ytd-video-secondary-info-renderer\"><a class=\"yt-simple-endpoint style-scope yt-formatted-string\" dir=\"auto\" spellcheck=\"false\" href=\"https:\/\/www.youtube.com\/watch?v=Way2tSKyQTw&amp;t=0s\">0:00<\/a><span class=\"style-scope yt-formatted-string\" dir=\"auto\"> Ist Opposition Mist? <\/span><\/div>\n<div class=\"style-scope ytd-video-secondary-info-renderer\"><a class=\"yt-simple-endpoint style-scope yt-formatted-string\" dir=\"auto\" spellcheck=\"false\" href=\"https:\/\/www.youtube.com\/watch?v=Way2tSKyQTw&amp;t=52s\">0:52<\/a><span class=\"style-scope yt-formatted-string\" dir=\"auto\"> Wird die FDP mit einer Kanzlerin Baerbock koalieren? <\/span><\/div>\n<div class=\"style-scope ytd-video-secondary-info-renderer\"><a class=\"yt-simple-endpoint style-scope yt-formatted-string\" dir=\"auto\" spellcheck=\"false\" href=\"https:\/\/www.youtube.com\/watch?v=Way2tSKyQTw&amp;t=79s\">1:19<\/a><span class=\"style-scope yt-formatted-string\" dir=\"auto\"> Geht die Bundesregierung zu sanft mit Russland und Ungarn um?<\/span><\/div>\n<div class=\"style-scope ytd-video-secondary-info-renderer\"><a class=\"yt-simple-endpoint style-scope yt-formatted-string\" dir=\"auto\" spellcheck=\"false\" href=\"https:\/\/www.youtube.com\/watch?v=Way2tSKyQTw&amp;t=124s\">2:04<\/a><span class=\"style-scope yt-formatted-string\" dir=\"auto\"> Ist Kemmerichs erneute Wahl eine Niederlage?<\/span><\/div>\n<div class=\"style-scope ytd-video-secondary-info-renderer\"><a class=\"yt-simple-endpoint style-scope yt-formatted-string\" dir=\"auto\" spellcheck=\"false\" href=\"https:\/\/www.youtube.com\/watch?v=Way2tSKyQTw&amp;t=161s\">2:41<\/a><span class=\"style-scope yt-formatted-string\" dir=\"auto\"> Fehler im Umgang mit Fridays for Future? <\/span><\/div>\n<div class=\"style-scope ytd-video-secondary-info-renderer\"><a class=\"yt-simple-endpoint style-scope yt-formatted-string\" dir=\"auto\" spellcheck=\"false\" href=\"https:\/\/www.youtube.com\/watch?v=Way2tSKyQTw&amp;t=214s\">3:34<\/a><span class=\"style-scope yt-formatted-string\" dir=\"auto\"> Welches Ministeramt w\u00e4re reizvoll? <\/span><\/div>\n<div class=\"style-scope ytd-video-secondary-info-renderer\"><a class=\"yt-simple-endpoint style-scope yt-formatted-string\" dir=\"auto\" spellcheck=\"false\" href=\"https:\/\/www.youtube.com\/watch?v=Way2tSKyQTw&amp;t=250s\">4:10<\/a><span class=\"style-scope yt-formatted-string\" dir=\"auto\"> Was w\u00fcrden sie inhaltlich in der kommenden Wahlperiode ver\u00e4ndern? <\/span><\/div>\n<div class=\"style-scope ytd-video-secondary-info-renderer\"><a class=\"yt-simple-endpoint style-scope yt-formatted-string\" dir=\"auto\" spellcheck=\"false\" href=\"https:\/\/www.youtube.com\/watch?v=Way2tSKyQTw&amp;t=279s\">4:39<\/a><span class=\"style-scope yt-formatted-string\" dir=\"auto\"> Gendern sie? <\/span><\/div>\n<div class=\"style-scope ytd-video-secondary-info-renderer\"><a class=\"yt-simple-endpoint style-scope yt-formatted-string\" dir=\"auto\" spellcheck=\"false\" href=\"https:\/\/www.youtube.com\/watch?v=Way2tSKyQTw&amp;t=312s\">5:12<\/a><span class=\"style-scope yt-formatted-string\" dir=\"auto\"> Warum hat die FDP so wenige weibliche Mitglieder? <\/span><\/div>\n<div><\/div>\n<div class=\"style-scope ytd-video-secondary-info-renderer\"><a class=\"yt-simple-endpoint style-scope yt-formatted-string\" dir=\"auto\" spellcheck=\"false\" href=\"https:\/\/www.youtube.com\/hashtag\/christianlindner\">#ChristianLindner<\/a> <a class=\"yt-simple-endpoint style-scope yt-formatted-string\" dir=\"auto\" spellcheck=\"false\" href=\"https:\/\/www.youtube.com\/hashtag\/fdp\">#FDP<\/a> <a class=\"yt-simple-endpoint style-scope yt-formatted-string\" dir=\"auto\" spellcheck=\"false\" href=\"https:\/\/www.youtube.com\/hashtag\/bundestagswahl\">#Bundestagswahl<\/a><span class=\"style-scope yt-formatted-string\" dir=\"auto\"> Ihr wollt nichts verpassen?<\/span><\/div>\n<div><\/div>\n<div class=\"style-scope ytd-video-secondary-info-renderer\"><span class=\"style-scope yt-formatted-string\" dir=\"auto\">Abonniert unseren YouTube Channel <\/span><a class=\"yt-simple-endpoint style-scope yt-formatted-string\" dir=\"auto\" spellcheck=\"false\" href=\"https:\/\/www.youtube.com\/redirect?event=video_description&amp;redir_token=QUFFLUhqbG5WQmZOdE4xc0J4azNxekJDdmRDUlRrcXl3QXxBQ3Jtc0ttcTJ1RWgzQmpNdnVIdlFhSmJFM1pLRXF5SC1YTFY1OFhDVzdjTlFwOUtscUFmeUh3NUhfN21BT2taX2NrUzJKVThsemhqejFRVGl2RVQyd19vN2VNUzZBY01zZ0VLR2VVYnRKUzhQSHZSbUhERWJiTQ&amp;q=https%3A%2F%2Fbit.ly%2FStZStN\" target=\"_blank\" rel=\"nofollow noopener\">https:\/\/bit.ly\/StZStN<\/a><span class=\"style-scope yt-formatted-string\" dir=\"auto\"> \u25ac Social Media \u25ac\u25ac\u25ac\u25ac\u25ac\u25ac\u25ac\u25ac\u25ac\u25ac\u25ac\u25ac\u25ac\u25ac\u25ac \u25ba<\/span><\/div>\n<div><\/div>\n<div class=\"style-scope ytd-video-secondary-info-renderer\"><span class=\"style-scope yt-formatted-string\" dir=\"auto\">Besucht uns auf Facebook: Stuttgarter Zeitung: <\/span><a class=\"yt-simple-endpoint style-scope yt-formatted-string\" dir=\"auto\" spellcheck=\"false\" href=\"https:\/\/www.youtube.com\/redirect?event=video_description&amp;redir_token=QUFFLUhqay1ETW8tRDFCNmh2TFNrTS1lanhLN0hkSHhxd3xBQ3Jtc0ttRTBjbTdfQkdrdUJjRDdzR1FKWk1XektSNzRDUzB1T0tSbGZzclRsMmczTFlfd0t3YklLNEtWWHVDT2lSQWd0bmN1c2ZPWklyM3l2ZFBQSVE5SGIxSC1WRGgyaUFzc29LZk4taGMxTS1QcUlaeThGaw&amp;q=https%3A%2F%2Fwww.facebook.com%2Fstuttgarterzeitung\" target=\"_blank\" rel=\"nofollow noopener\">https:\/\/www.facebook.com\/stuttgarterz&#8230;<\/a><\/div>\n<div class=\"style-scope ytd-video-secondary-info-renderer\"><span class=\"style-scope yt-formatted-string\" dir=\"auto\">Stuttgarter Nachrichten: <\/span><a class=\"yt-simple-endpoint style-scope yt-formatted-string\" dir=\"auto\" spellcheck=\"false\" href=\"https:\/\/www.youtube.com\/redirect?event=video_description&amp;redir_token=QUFFLUhqbk9YZFFvQ1RraUlXWHJwTWI3NWM3a3EzSlpCQXxBQ3Jtc0trTTE5WGFWZTloZW1YaEs3QWJBcGMxUFNqQ3ZtWXk2bnlBNUM4N3JVM2Z1dERpNEVENzN6U1hUT3k3Z1lmeXZYT0I1UkMza1NSOFJpWWcxTzd3aU5MVXR0eVRoZzgxZEFvbzdoQXAxYmp0MlZQSGpmMA&amp;q=https%3A%2F%2Fwww.facebook.com%2Fstuttgarternachrichten\" target=\"_blank\" rel=\"nofollow noopener\">https:\/\/www.facebook.com\/stuttgartern&#8230;<\/a><span class=\"style-scope yt-formatted-string\" dir=\"auto\">\u00a0<\/span><\/div>\n<div class=\"style-scope ytd-video-secondary-info-renderer\"><span class=\"style-scope yt-formatted-string\" dir=\"auto\"> Die Stuttgarter Zeitung ist jetzt auch auf LinkedIn: <\/span><a class=\"yt-simple-endpoint style-scope yt-formatted-string\" dir=\"auto\" spellcheck=\"false\" href=\"https:\/\/www.youtube.com\/redirect?event=video_description&amp;redir_token=QUFFLUhqbmJuRy1XTWdLYXFSTVpfejFZMlNlYmVfZUN1UXxBQ3Jtc0tsRTVRTUh3WjVIcUxDNDdVU2hTeFpLcGZmeXZVWlhoUjNiNGZhbU1TR0lwakJKS0NzUldhNHBDNmhqdl9VYzJablJxSXdETVh2TEZDWWlidV9venp2SzFuNlF1WTdsX2tqY2JNZUNiN2duZ2xZVXRQQQ&amp;q=https%3A%2F%2Fde.linkedin.com%2Fcompany%2Fstuttgarter-zeitung\" target=\"_blank\" rel=\"nofollow noopener\">https:\/\/de.linkedin.com\/company\/stutt&#8230;<\/a><\/div>\n<div class=\"style-scope ytd-video-secondary-info-renderer\"><span class=\"style-scope yt-formatted-string\" dir=\"auto\">Folgt uns auf Instagram: Stuttgarter Zeitung: <\/span><a class=\"yt-simple-endpoint style-scope yt-formatted-string\" dir=\"auto\" spellcheck=\"false\" href=\"https:\/\/www.youtube.com\/redirect?event=video_description&amp;redir_token=QUFFLUhqbEctMWdNcFFFRDh2Y1pPLVQwLVA2dzBsRDVfQXxBQ3Jtc0tsN2tDM0o0TzZ2SXZsaWlsS3p3WVZ2VGVaZmFpcDBfYW01RVl2SjdueUFhY1ktdmRiMkgxYmw4QnppNDE2c3VlaFltMVg2MGphaWJnQ3BadEI3X05iQU5aRXlmN3g4OUpONFYwSmF4VWN1Y2N1SXZ5WQ&amp;q=https%3A%2F%2Fwww.instagram.com%2Fstuttgarterzeitung\" target=\"_blank\" rel=\"nofollow noopener\">https:\/\/www.instagram.com\/stuttgarter&#8230;<\/a><\/div>\n<div class=\"style-scope ytd-video-secondary-info-renderer\"><span class=\"style-scope yt-formatted-string\" dir=\"auto\">Stuttgarter Nachrichten: <\/span><a class=\"yt-simple-endpoint style-scope yt-formatted-string\" dir=\"auto\" spellcheck=\"false\" href=\"https:\/\/www.youtube.com\/redirect?event=video_description&amp;redir_token=QUFFLUhqazJuLXdFTU5BaWl5TDhrb19RWFkxS0Y5SU5jQXxBQ3Jtc0trbWpRaVY3NnQzQmdWMEpoaXo1SjMzcWhOYXV4YjNHdUJfNWlVbE5kd19aSWduVU1hQzhXV1NHSG04OVpBdGJsa2ZrOXJqNi1aMjN4VVFxcFdDZW9kWU52ekltV1FVRXhib09wU1UxTEpNNUV2SnU2OA&amp;q=https%3A%2F%2Fwww.instagram.com%2Fstuttgarternachrichten\" target=\"_blank\" rel=\"nofollow noopener\">https:\/\/www.instagram.com\/stuttgarter&#8230;<\/a><\/div>\n<div class=\"style-scope ytd-video-secondary-info-renderer\"><span class=\"style-scope yt-formatted-string\" dir=\"auto\">Auf Pinterest versorgen wir euch mit den besten Tipps &amp; Tricks: <\/span><a class=\"yt-simple-endpoint style-scope yt-formatted-string\" dir=\"auto\" spellcheck=\"false\" href=\"https:\/\/www.youtube.com\/redirect?event=video_description&amp;redir_token=QUFFLUhqbHM0ZXBqbFFMV0d3TjVXN3k1MWI3ek1DaEN2UXxBQ3Jtc0trX2dSMDA2cWVrN3pOc3ozZVUzT2dMcXA2MU1YU2RZdkdPNl9ETmVVTmVWSldhVFJSX1F5VWlSSGtLU1VLNS14YVBKYWFqV0EzN0RDZHpuYnRZTmVhenhRa3RKODhuNmZMaGwxdGFKNVUwMHBZVjJNVQ&amp;q=https%3A%2F%2Fwww.pinterest.de%2Fstznde%2F\" target=\"_blank\" rel=\"nofollow noopener\">https:\/\/www.pinterest.de\/stznde\/<\/a><span class=\"style-scope yt-formatted-string\" dir=\"auto\"> \u25ba<\/span><\/div>\n<div class=\"style-scope ytd-video-secondary-info-renderer\"><span class=\"style-scope yt-formatted-string\" dir=\"auto\">Wir sind auch auf Twitter: Stuttgarter Zeitung: <\/span><a class=\"yt-simple-endpoint style-scope yt-formatted-string\" dir=\"auto\" spellcheck=\"false\" href=\"https:\/\/www.youtube.com\/redirect?event=video_description&amp;redir_token=QUFFLUhqbjR1RkJlNWVqX1FWSFNHYlQyTjl2LW1jX1l3QXxBQ3Jtc0tsWEk3VHNDdmxyUnlkYlJxbDZBZjM1TGVuRTdSNnNQWlo5Z1AtM3NLUlpYUjBaTm1SSWxsNVRhd0FiU1ZPYk1kU3pFTFF4QWRUZDlObExldU9mY1pWeS02YmFMRnJXWHBPR3Zyem0xYm1jTUFCUnVKMA&amp;q=https%3A%2F%2Ftwitter.com%2FStZ_NEWS\" target=\"_blank\" rel=\"nofollow noopener\">https:\/\/twitter.com\/StZ_NEWS<\/a><\/div>\n<div class=\"style-scope ytd-video-secondary-info-renderer\"><span class=\"style-scope yt-formatted-string\" dir=\"auto\"> Stuttgarter Nachrichten: <\/span><a class=\"yt-simple-endpoint style-scope yt-formatted-string\" dir=\"auto\" spellcheck=\"false\" href=\"https:\/\/www.youtube.com\/redirect?event=video_description&amp;redir_token=QUFFLUhqbFdHa1dtZ1NpR0VubVB4RWtUaU1NOTVpRW9RUXxBQ3Jtc0trZU9fNVByTm9NcTZmcDViUy1NcmdvTDIyRjVtZTl2ekFvV3hnekxJcG5ZZlRPbzZMZW9qR3MzZl9UNnY4bzN0eThRVXNRVXNhMVRMYnJyeWR1c2JtT1JzUzZybmVHRkdOS3VxVTFHdUc0elNuZkpDOA&amp;q=https%3A%2F%2Ftwitter.com%2FStN_News\" target=\"_blank\" rel=\"nofollow noopener\">https:\/\/twitter.com\/StN_News<\/a><\/div>\n<p>&nbsp;<\/p>\n","protected":false},"excerpt":{"rendered":"<p>Sie wollen in den Bundestag \u2013 wieder oder zum ersten Mal. Am 26. September wird ein neues Parlament gew\u00e4hlt, und es wird um jede Stimme gek\u00e4mpft. Auf den Stufen vom [&#8230;]<\/p>\n","protected":false},"author":1,"featured_media":0,"comment_status":"open","ping_status":"closed","sticky":false,"template":"","format":"standard","meta":{"footnotes":""},"categories":[279,60],"tags":[677,1049,45,12,907,1177,177],"class_list":["post-1951","post","type-post","status-publish","format-standard","hentry","category-fdp-forderungen","category-youtube","tag-baerbock","tag-btw21","tag-bundestagswahl","tag-christian-lindner","tag-fdp-aktiv","tag-fridays-for-future","tag-russland"],"_links":{"self":[{"href":"https:\/\/fdp-aktiv.de\/blog\/wp-json\/wp\/v2\/posts\/1951","targetHints":{"allow":["GET"]}}],"collection":[{"href":"https:\/\/fdp-aktiv.de\/blog\/wp-json\/wp\/v2\/posts"}],"about":[{"href":"https:\/\/fdp-aktiv.de\/blog\/wp-json\/wp\/v2\/types\/post"}],"author":[{"embeddable":true,"href":"https:\/\/fdp-aktiv.de\/blog\/wp-json\/wp\/v2\/users\/1"}],"replies":[{"embeddable":true,"href":"https:\/\/fdp-aktiv.de\/blog\/wp-json\/wp\/v2\/comments?post=1951"}],"version-history":[{"count":2,"href":"https:\/\/fdp-aktiv.de\/blog\/wp-json\/wp\/v2\/posts\/1951\/revisions"}],"predecessor-version":[{"id":1954,"href":"https:\/\/fdp-aktiv.de\/blog\/wp-json\/wp\/v2\/posts\/1951\/revisions\/1954"}],"wp:attachment":[{"href":"https:\/\/fdp-aktiv.de\/blog\/wp-json\/wp\/v2\/media?parent=1951"}],"wp:term":[{"taxonomy":"category","embeddable":true,"href":"https:\/\/fdp-aktiv.de\/blog\/wp-json\/wp\/v2\/categories?post=1951"},{"taxonomy":"post_tag","embeddable":true,"href":"https:\/\/fdp-aktiv.de\/blog\/wp-json\/wp\/v2\/tags?post=1951"}],"curies":[{"name":"wp","href":"https:\/\/api.w.org\/{rel}","templated":true}]}}