{"id":1987,"date":"2021-07-23T10:37:13","date_gmt":"2021-07-23T08:37:13","guid":{"rendered":"https:\/\/fdp-aktiv.de\/blog\/?p=1987"},"modified":"2021-07-23T10:40:37","modified_gmt":"2021-07-23T08:40:37","slug":"berlin-zukunft-des-icc-in-berlin","status":"publish","type":"post","link":"https:\/\/fdp-aktiv.de\/blog\/2021\/07\/23\/berlin-zukunft-des-icc-in-berlin\/","title":{"rendered":"Berlin:  Zukunft des ICC in Berlin"},"content":{"rendered":"<p>Sebastian Czaja, Vorsitzender der FDP-Fraktion im Abgeordnetenhaus von Berlin<\/p>\n<figure style=\"width: 960px\" class=\"wp-caption alignnone\"><img loading=\"lazy\" decoding=\"async\" src=\"https:\/\/cdn.pixabay.com\/photo\/2018\/05\/24\/20\/45\/architecture-3427569_960_720.jpg\" srcset=\"https:\/\/cdn.pixabay.com\/photo\/2018\/05\/24\/20\/45\/architecture-3427569_960_720.jpg 1x, https:\/\/cdn.pixabay.com\/photo\/2018\/05\/24\/20\/45\/architecture-3427569_1280.jpg 2x\" alt=\"Architektur, Geb\u00e4ude, Metallisch, Fassade, Fenster\" width=\"960\" height=\"539\" \/><figcaption class=\"wp-caption-text\">Bild: pixabay.de<\/figcaption><\/figure>\n<p>In Berlin liegt so viel Potential brach und das\u00a0ICC\u00a0ist ein Paradebeispiel daf\u00fcr. \u00dcber dessen Nutzung wird seit Jahren diskutiert, verhandelt und gestritten \u2013 ohne jegliches Ergebnis. Der Messestandort Berlin wird weiterhin sich selbst \u00fcberlassen und die Wirtschaftssenatorin guckt nur zu. Immer noch ist das ICC f\u00fcr private Geldgeber gesperrt \u2013 allein der damit erzeugte Leerstand erzeugt Kosten im Millionenh\u00f6he. Ganz abgesehen von dem Imageverlust f\u00fcr die Stadt, die wieder ein Zukunftsprojekt verschl\u00e4ft. Gerade jetzt m\u00fcsste der Senat Vorkehrungen treffen,\u00a0damit Berlin nach Corona wieder einen wirtschaftlichen Aufschwung als bedeutender Kongressstandort erleben kann.\u00a0Berlin braucht ein zukunftsorientiertes Konzept f\u00fcr das\u00a0ICC, das privaten Geldgebern einen klaren Nutzungszweck und langfristige Planbarkeit zusichert. Wer Millionen in die Zukunft des\u00a0ICC\u00a0unserer Stadt investiert, dem darf die Perspektive Eigentum oder ein Erbbaurecht nicht verwehrt werden.<\/p>\n","protected":false},"excerpt":{"rendered":"<p>Sebastian Czaja, Vorsitzender der FDP-Fraktion im Abgeordnetenhaus von Berlin In Berlin liegt so viel Potential brach und das\u00a0ICC\u00a0ist ein Paradebeispiel daf\u00fcr. \u00dcber dessen Nutzung wird seit Jahren diskutiert, verhandelt und [&#8230;]<\/p>\n","protected":false},"author":1,"featured_media":0,"comment_status":"open","ping_status":"closed","sticky":false,"template":"","format":"standard","meta":{"footnotes":""},"categories":[8],"tags":[907,706,1204,104],"class_list":["post-1987","post","type-post","status-publish","format-standard","hentry","category-wirtschaft","tag-fdp-aktiv","tag-fdp-berlin","tag-internationales-congress-centrum-icc-berlin","tag-sebastian-czaja"],"_links":{"self":[{"href":"https:\/\/fdp-aktiv.de\/blog\/wp-json\/wp\/v2\/posts\/1987","targetHints":{"allow":["GET"]}}],"collection":[{"href":"https:\/\/fdp-aktiv.de\/blog\/wp-json\/wp\/v2\/posts"}],"about":[{"href":"https:\/\/fdp-aktiv.de\/blog\/wp-json\/wp\/v2\/types\/post"}],"author":[{"embeddable":true,"href":"https:\/\/fdp-aktiv.de\/blog\/wp-json\/wp\/v2\/users\/1"}],"replies":[{"embeddable":true,"href":"https:\/\/fdp-aktiv.de\/blog\/wp-json\/wp\/v2\/comments?post=1987"}],"version-history":[{"count":1,"href":"https:\/\/fdp-aktiv.de\/blog\/wp-json\/wp\/v2\/posts\/1987\/revisions"}],"predecessor-version":[{"id":1988,"href":"https:\/\/fdp-aktiv.de\/blog\/wp-json\/wp\/v2\/posts\/1987\/revisions\/1988"}],"wp:attachment":[{"href":"https:\/\/fdp-aktiv.de\/blog\/wp-json\/wp\/v2\/media?parent=1987"}],"wp:term":[{"taxonomy":"category","embeddable":true,"href":"https:\/\/fdp-aktiv.de\/blog\/wp-json\/wp\/v2\/categories?post=1987"},{"taxonomy":"post_tag","embeddable":true,"href":"https:\/\/fdp-aktiv.de\/blog\/wp-json\/wp\/v2\/tags?post=1987"}],"curies":[{"name":"wp","href":"https:\/\/api.w.org\/{rel}","templated":true}]}}