{"id":2000,"date":"2021-07-23T13:47:39","date_gmt":"2021-07-23T11:47:39","guid":{"rendered":"https:\/\/fdp-aktiv.de\/blog\/?p=2000"},"modified":"2021-07-23T13:48:10","modified_gmt":"2021-07-23T11:48:10","slug":"brauchen-staatliche-garantie-fuer-praesenzunterricht","status":"publish","type":"post","link":"https:\/\/fdp-aktiv.de\/blog\/2021\/07\/23\/brauchen-staatliche-garantie-fuer-praesenzunterricht\/","title":{"rendered":"Brauchen staatliche Garantie f\u00fcr Pr\u00e4senzunterricht"},"content":{"rendered":"<div class=\"clearfix text-formatted field field--name-body field--type-text-with-summary field--label-hidden field__item\">\n<p>Zur Debatte \u00fcber das neue Schuljahr erkl\u00e4rt die stellvertretende FDP-Fraktionsvorsitzende Katja Suding:<\/p>\n<p><img decoding=\"async\" src=\"https:\/\/cdn.pixabay.com\/photo\/2017\/01\/12\/10\/40\/school-1974369_960_720.jpg\" srcset=\"https:\/\/cdn.pixabay.com\/photo\/2017\/01\/12\/10\/40\/school-1974369_960_720.jpg 1x, https:\/\/cdn.pixabay.com\/photo\/2017\/01\/12\/10\/40\/school-1974369_1280.jpg 2x\" alt=\"Schule, Zeichnen, Zeichnung, Bildung, Bleistift, Lernen\" width=\"960\" height=\"640.0\" \/><\/p>\n<p>\u201eWir brauchen eine staatliche Garantie, dass nach den Sommerferien an allen Schulen Pr\u00e4senzunterricht stattfindet. Forderungen nach Schulschlie\u00dfungen sind blinder Alarmismus und sch\u00fcren bei Sch\u00fclern\u00a0wie Eltern unn\u00f6tige \u00c4ngste. Unseren Kindern darf ihr Recht auf Bildung nicht schon wieder verwehrt werden. Zahlreiche Studien zeigen, dass Schulen keine Pandemietreiber sind. Die FDP-Fraktion fordert daher umgehend einen bundesweiten Aktionsplan f\u00fcr pandemiefesten Pr\u00e4senzunterricht. So muss das b\u00fcrokratische Antragsverfahren f\u00fcr Luftfilter dringend entr\u00fcmpelt und der Digitalpakt Schule radikal beschleunigt werden. Kinder\u00e4rzte weisen dar\u00fcber hinaus darauf hin, dass Kinder und Jugendliche extrem selten schwer an Corona erkranken. Angesichts dieser Datenlage ist es schlicht unverantwortlich, den Schulbetrieb l\u00e4nger einzuschr\u00e4nken. Die Kollateralsch\u00e4den des Distanzunterrichts und der geschlossenen Schulen sind hingegen immens.\u201c<\/p>\n<\/div>\n","protected":false},"excerpt":{"rendered":"<p>Zur Debatte \u00fcber das neue Schuljahr erkl\u00e4rt die stellvertretende FDP-Fraktionsvorsitzende Katja Suding: \u201eWir brauchen eine staatliche Garantie, dass nach den Sommerferien an allen Schulen Pr\u00e4senzunterricht stattfindet. Forderungen nach Schulschlie\u00dfungen sind [&#8230;]<\/p>\n","protected":false},"author":1,"featured_media":0,"comment_status":"open","ping_status":"closed","sticky":false,"template":"","format":"standard","meta":{"footnotes":""},"categories":[34],"tags":[1214,158,1049,907,1212,199,1213,1097,590,585],"class_list":["post-2000","post","type-post","status-publish","format-standard","hentry","category-bildung","tag-aktionsplan","tag-bildung","tag-btw21","tag-fdp-aktiv","tag-garantie","tag-katja-suding","tag-kollateralschaeden","tag-luftfilter","tag-praesenzunterricht","tag-schulschliessung"],"_links":{"self":[{"href":"https:\/\/fdp-aktiv.de\/blog\/wp-json\/wp\/v2\/posts\/2000","targetHints":{"allow":["GET"]}}],"collection":[{"href":"https:\/\/fdp-aktiv.de\/blog\/wp-json\/wp\/v2\/posts"}],"about":[{"href":"https:\/\/fdp-aktiv.de\/blog\/wp-json\/wp\/v2\/types\/post"}],"author":[{"embeddable":true,"href":"https:\/\/fdp-aktiv.de\/blog\/wp-json\/wp\/v2\/users\/1"}],"replies":[{"embeddable":true,"href":"https:\/\/fdp-aktiv.de\/blog\/wp-json\/wp\/v2\/comments?post=2000"}],"version-history":[{"count":1,"href":"https:\/\/fdp-aktiv.de\/blog\/wp-json\/wp\/v2\/posts\/2000\/revisions"}],"predecessor-version":[{"id":2001,"href":"https:\/\/fdp-aktiv.de\/blog\/wp-json\/wp\/v2\/posts\/2000\/revisions\/2001"}],"wp:attachment":[{"href":"https:\/\/fdp-aktiv.de\/blog\/wp-json\/wp\/v2\/media?parent=2000"}],"wp:term":[{"taxonomy":"category","embeddable":true,"href":"https:\/\/fdp-aktiv.de\/blog\/wp-json\/wp\/v2\/categories?post=2000"},{"taxonomy":"post_tag","embeddable":true,"href":"https:\/\/fdp-aktiv.de\/blog\/wp-json\/wp\/v2\/tags?post=2000"}],"curies":[{"name":"wp","href":"https:\/\/api.w.org\/{rel}","templated":true}]}}