{"id":2019,"date":"2021-07-27T14:05:28","date_gmt":"2021-07-27T12:05:28","guid":{"rendered":"https:\/\/fdp-aktiv.de\/blog\/?p=2019"},"modified":"2021-07-27T14:05:28","modified_gmt":"2021-07-27T12:05:28","slug":"ausweitung-der-testpflicht-weder-hilfreich-noch-verhaeltnismaessig","status":"publish","type":"post","link":"https:\/\/fdp-aktiv.de\/blog\/2021\/07\/27\/ausweitung-der-testpflicht-weder-hilfreich-noch-verhaeltnismaessig\/","title":{"rendered":"Ausweitung der Testpflicht weder hilfreich noch verh\u00e4ltnism\u00e4\u00dfig"},"content":{"rendered":"<p>Zu den Medienberichten, wonach Bundesgesundheitsminister Spahn eine Ausweitung der Testpflicht f\u00fcr Reiser\u00fcckkehrer plant, erkl\u00e4rt die gesundheitspolitische Sprecherin der Christine Aschenberg-Dugnus:<\/p>\n<figure id=\"attachment_2020\" aria-describedby=\"caption-attachment-2020\" style=\"width: 800px\" class=\"wp-caption aligncenter\"><img loading=\"lazy\" decoding=\"async\" class=\"size-large wp-image-2020\" src=\"https:\/\/fdp-aktiv.de\/blog\/wp-content\/uploads\/2021\/07\/corona-test-6116891_1920-1024x609.jpg\" alt=\"Corona Test\" width=\"800\" height=\"476\" srcset=\"https:\/\/fdp-aktiv.de\/blog\/wp-content\/uploads\/2021\/07\/corona-test-6116891_1920-1024x609.jpg 1024w, https:\/\/fdp-aktiv.de\/blog\/wp-content\/uploads\/2021\/07\/corona-test-6116891_1920-300x178.jpg 300w, https:\/\/fdp-aktiv.de\/blog\/wp-content\/uploads\/2021\/07\/corona-test-6116891_1920-768x457.jpg 768w, https:\/\/fdp-aktiv.de\/blog\/wp-content\/uploads\/2021\/07\/corona-test-6116891_1920-1536x914.jpg 1536w, https:\/\/fdp-aktiv.de\/blog\/wp-content\/uploads\/2021\/07\/corona-test-6116891_1920.jpg 1920w\" sizes=\"auto, (max-width: 800px) 100vw, 800px\" \/><figcaption id=\"caption-attachment-2020\" class=\"wp-caption-text\">CORONA TEST<\/figcaption><\/figure>\n<p>\u201eBundesgesundheitsminister Spahns Vorsto\u00df ist nicht zielf\u00fchrend. Eine so umfassende Ausweitung der Testpflicht ist weder hilfreich bei der Bek\u00e4mpfung der Corona-Pandemie noch verh\u00e4ltnism\u00e4\u00dfig. Die Inzidenz ist alleine l\u00e4ngst nicht mehr aussagekr\u00e4ftig genug, um mit ihr eine umfassende Testpflicht zu begr\u00fcnden. Deswegen sieht die FDP-Fraktion eine pauschale Testpflicht f\u00fcr Einreisende kritisch. Da es sogenannte Impfdurchbr\u00fcche vor allem durch Virusvarianten geben kann, sollte der Fokus der Testpflicht auf Reisende aus Hochrisiko- und Virusvariantengebiete gelegt werden. Dazu muss die Einhaltung auch kontrolliert werden und ein entsprechendes Konzept vorgelegt werden. Au\u00dferdem muss die Bundesregierung sich mit Nachdruck f\u00fcr eine sinnvolle europ\u00e4ische Regelung einsetzen, statt einseitig in Deutschland eine Versch\u00e4rfung voranzutreiben.\u201c<\/p>\n<figure id=\"attachment_1123\" aria-describedby=\"caption-attachment-1123\" style=\"width: 800px\" class=\"wp-caption aligncenter\"><img loading=\"lazy\" decoding=\"async\" class=\"size-large wp-image-1123\" src=\"https:\/\/fdp-aktiv.de\/blog\/wp-content\/uploads\/2021\/04\/Pressefoto-Christine-Aschenberg-Dugnus_1-1024x683.jpg\" alt=\"Christine Aschenberg-Dugnus\" width=\"800\" height=\"534\" srcset=\"https:\/\/fdp-aktiv.de\/blog\/wp-content\/uploads\/2021\/04\/Pressefoto-Christine-Aschenberg-Dugnus_1-1024x683.jpg 1024w, https:\/\/fdp-aktiv.de\/blog\/wp-content\/uploads\/2021\/04\/Pressefoto-Christine-Aschenberg-Dugnus_1-300x200.jpg 300w, https:\/\/fdp-aktiv.de\/blog\/wp-content\/uploads\/2021\/04\/Pressefoto-Christine-Aschenberg-Dugnus_1-768x512.jpg 768w, https:\/\/fdp-aktiv.de\/blog\/wp-content\/uploads\/2021\/04\/Pressefoto-Christine-Aschenberg-Dugnus_1-1536x1024.jpg 1536w, https:\/\/fdp-aktiv.de\/blog\/wp-content\/uploads\/2021\/04\/Pressefoto-Christine-Aschenberg-Dugnus_1-2048x1365.jpg 2048w\" sizes=\"auto, (max-width: 800px) 100vw, 800px\" \/><figcaption id=\"caption-attachment-1123\" class=\"wp-caption-text\">Christine Aschenberg-Dugnus<\/figcaption><\/figure>\n<p>&nbsp;<\/p>\n<p>&nbsp;<\/p>\n","protected":false},"excerpt":{"rendered":"<p>Zu den Medienberichten, wonach Bundesgesundheitsminister Spahn eine Ausweitung der Testpflicht f\u00fcr Reiser\u00fcckkehrer plant, erkl\u00e4rt die gesundheitspolitische Sprecherin der Christine Aschenberg-Dugnus: \u201eBundesgesundheitsminister Spahns Vorsto\u00df ist nicht zielf\u00fchrend. Eine so umfassende Ausweitung [&#8230;]<\/p>\n","protected":false},"author":1,"featured_media":0,"comment_status":"open","ping_status":"closed","sticky":false,"template":"","format":"standard","meta":{"footnotes":""},"categories":[4,123],"tags":[1226,540,416,10,13,907,841,586],"class_list":["post-2019","post","type-post","status-publish","format-standard","hentry","category-covid-19","category-gesundheit","tag-ausweitung","tag-christine-aschenberg-dugnus","tag-corona-tests","tag-covid","tag-fdp","tag-fdp-aktiv","tag-testpflicht","tag-unverhaeltnismaessig"],"_links":{"self":[{"href":"https:\/\/fdp-aktiv.de\/blog\/wp-json\/wp\/v2\/posts\/2019","targetHints":{"allow":["GET"]}}],"collection":[{"href":"https:\/\/fdp-aktiv.de\/blog\/wp-json\/wp\/v2\/posts"}],"about":[{"href":"https:\/\/fdp-aktiv.de\/blog\/wp-json\/wp\/v2\/types\/post"}],"author":[{"embeddable":true,"href":"https:\/\/fdp-aktiv.de\/blog\/wp-json\/wp\/v2\/users\/1"}],"replies":[{"embeddable":true,"href":"https:\/\/fdp-aktiv.de\/blog\/wp-json\/wp\/v2\/comments?post=2019"}],"version-history":[{"count":1,"href":"https:\/\/fdp-aktiv.de\/blog\/wp-json\/wp\/v2\/posts\/2019\/revisions"}],"predecessor-version":[{"id":2021,"href":"https:\/\/fdp-aktiv.de\/blog\/wp-json\/wp\/v2\/posts\/2019\/revisions\/2021"}],"wp:attachment":[{"href":"https:\/\/fdp-aktiv.de\/blog\/wp-json\/wp\/v2\/media?parent=2019"}],"wp:term":[{"taxonomy":"category","embeddable":true,"href":"https:\/\/fdp-aktiv.de\/blog\/wp-json\/wp\/v2\/categories?post=2019"},{"taxonomy":"post_tag","embeddable":true,"href":"https:\/\/fdp-aktiv.de\/blog\/wp-json\/wp\/v2\/tags?post=2019"}],"curies":[{"name":"wp","href":"https:\/\/api.w.org\/{rel}","templated":true}]}}