{"id":2048,"date":"2021-07-30T20:31:55","date_gmt":"2021-07-30T18:31:55","guid":{"rendered":"https:\/\/fdp-aktiv.de\/blog\/?p=2048"},"modified":"2021-07-30T20:32:06","modified_gmt":"2021-07-30T18:32:06","slug":"digitales-impfportal-ueberfaellig","status":"publish","type":"post","link":"https:\/\/fdp-aktiv.de\/blog\/2021\/07\/30\/digitales-impfportal-ueberfaellig\/","title":{"rendered":"Digitales Impfportal \u00fcberf\u00e4llig"},"content":{"rendered":"<p>Zu den Medienberichten, wonach ungenutzte Impfstoffdosen an den Bund zur\u00fcckgehen, erkl\u00e4rt der stellvertretende Landesvorsitzende der FDP Bayern und Au\u00dfenpolitiker der FDP-Bundestagsfraktion\u00a0<strong>Ulrich Lechte<\/strong>:<\/p>\n<figure id=\"attachment_2049\" aria-describedby=\"caption-attachment-2049\" style=\"width: 800px\" class=\"wp-caption aligncenter\"><img loading=\"lazy\" decoding=\"async\" class=\"size-large wp-image-2049\" src=\"https:\/\/fdp-aktiv.de\/blog\/wp-content\/uploads\/2021\/07\/Lechte-026-6-1024x684.jpg\" alt=\"Ulrich Lechte\" width=\"800\" height=\"534\" srcset=\"https:\/\/fdp-aktiv.de\/blog\/wp-content\/uploads\/2021\/07\/Lechte-026-6-1024x684.jpg 1024w, https:\/\/fdp-aktiv.de\/blog\/wp-content\/uploads\/2021\/07\/Lechte-026-6-300x200.jpg 300w, https:\/\/fdp-aktiv.de\/blog\/wp-content\/uploads\/2021\/07\/Lechte-026-6-768x513.jpg 768w, https:\/\/fdp-aktiv.de\/blog\/wp-content\/uploads\/2021\/07\/Lechte-026-6-1536x1025.jpg 1536w, https:\/\/fdp-aktiv.de\/blog\/wp-content\/uploads\/2021\/07\/Lechte-026-6-2048x1367.jpg 2048w\" sizes=\"auto, (max-width: 800px) 100vw, 800px\" \/><figcaption id=\"caption-attachment-2049\" class=\"wp-caption-text\">Ulrich Lechte<\/figcaption><\/figure>\n<p>&nbsp;<\/p>\n<p>\u201eWir m\u00fcssen verhindern, dass immer mehr Impfdosen verfallen und entsorgt werden m\u00fcssen. Weltweit fehlt Impfstoff an allen Ecken und Enden, w\u00e4hrend sich die F\u00e4lle von ungenutzten Impfdosen in Deutschland mehren. Das darf nicht sein.\u00a0Gerade in Afrika und Lateinamerika fehlt es an Impfdosen, die dort dringend ben\u00f6tigt werden. \u00dcber die Covax-Initiative muss Deutschland \u00fcbersch\u00fcssigen Impfstoff bereitstellen. Somit k\u00f6nnte die weltweite Impfkampagne durch eine effizientere Nutzung der Impfdosen beschleunigt werden. Ein digitales Impfportal, wie es die FDP schon im M\u00e4rz gefordert hat, w\u00fcrde genau hier Abhilfe schaffen, sodass \u00fcbersch\u00fcssige Impfdosen rechtzeitig an Entwicklungsl\u00e4nder abgegeben werden k\u00f6nnten. Mit jedem geimpften Menschen kommen wir dem Ende der Pandemie einen Schritt n\u00e4her, doch daf\u00fcr muss die \u00dcberversorgung mancher Staaten genutzt und eine bessere Verteilung organisiert werden. Die Gro\u00dfe Koalition muss endlich handeln, schon Mitte Juli gab es erste Berichte \u00fcber \u00fcbersch\u00fcssige Impfdosen. In der derzeitigen Coronalage darf es keine Sommerpause f\u00fcr die Bundesregierung geben.\u201c<\/p>\n","protected":false},"excerpt":{"rendered":"<p>Zu den Medienberichten, wonach ungenutzte Impfstoffdosen an den Bund zur\u00fcckgehen, erkl\u00e4rt der stellvertretende Landesvorsitzende der FDP Bayern und Au\u00dfenpolitiker der FDP-Bundestagsfraktion\u00a0Ulrich Lechte: &nbsp; \u201eWir m\u00fcssen verhindern, dass immer mehr Impfdosen [&#8230;]<\/p>\n","protected":false},"author":1,"featured_media":0,"comment_status":"open","ping_status":"closed","sticky":false,"template":"","format":"standard","meta":{"footnotes":""},"categories":[4,68],"tags":[937,1238,907,322,1237,949],"class_list":["post-2048","post","type-post","status-publish","format-standard","hentry","category-covid-19","category-digital","tag-covid19","tag-digitales","tag-fdp-aktiv","tag-fdp-bayern","tag-impfportal","tag-ulrich-lechte"],"_links":{"self":[{"href":"https:\/\/fdp-aktiv.de\/blog\/wp-json\/wp\/v2\/posts\/2048","targetHints":{"allow":["GET"]}}],"collection":[{"href":"https:\/\/fdp-aktiv.de\/blog\/wp-json\/wp\/v2\/posts"}],"about":[{"href":"https:\/\/fdp-aktiv.de\/blog\/wp-json\/wp\/v2\/types\/post"}],"author":[{"embeddable":true,"href":"https:\/\/fdp-aktiv.de\/blog\/wp-json\/wp\/v2\/users\/1"}],"replies":[{"embeddable":true,"href":"https:\/\/fdp-aktiv.de\/blog\/wp-json\/wp\/v2\/comments?post=2048"}],"version-history":[{"count":1,"href":"https:\/\/fdp-aktiv.de\/blog\/wp-json\/wp\/v2\/posts\/2048\/revisions"}],"predecessor-version":[{"id":2050,"href":"https:\/\/fdp-aktiv.de\/blog\/wp-json\/wp\/v2\/posts\/2048\/revisions\/2050"}],"wp:attachment":[{"href":"https:\/\/fdp-aktiv.de\/blog\/wp-json\/wp\/v2\/media?parent=2048"}],"wp:term":[{"taxonomy":"category","embeddable":true,"href":"https:\/\/fdp-aktiv.de\/blog\/wp-json\/wp\/v2\/categories?post=2048"},{"taxonomy":"post_tag","embeddable":true,"href":"https:\/\/fdp-aktiv.de\/blog\/wp-json\/wp\/v2\/tags?post=2048"}],"curies":[{"name":"wp","href":"https:\/\/api.w.org\/{rel}","templated":true}]}}