{"id":2147,"date":"2021-08-11T11:48:35","date_gmt":"2021-08-11T09:48:35","guid":{"rendered":"https:\/\/fdp-aktiv.de\/blog\/?p=2147"},"modified":"2021-08-24T14:22:07","modified_gmt":"2021-08-24T12:22:07","slug":"hessen-drohungen-verhindern-die-vierte-welle-nicht","status":"publish","type":"post","link":"https:\/\/fdp-aktiv.de\/blog\/2021\/08\/11\/hessen-drohungen-verhindern-die-vierte-welle-nicht\/","title":{"rendered":"Hessen: Drohungen verhindern die vierte Welle nicht"},"content":{"rendered":"<figure id=\"attachment_2284\" aria-describedby=\"caption-attachment-2284\" style=\"width: 800px\" class=\"wp-caption aligncenter\"><img loading=\"lazy\" decoding=\"async\" class=\"size-large wp-image-2284\" src=\"https:\/\/fdp-aktiv.de\/blog\/wp-content\/uploads\/2021\/08\/Stark-Watzinger-1024x683.jpg\" alt=\"Bettina Stark-Watzinger\" width=\"800\" height=\"534\" srcset=\"https:\/\/fdp-aktiv.de\/blog\/wp-content\/uploads\/2021\/08\/Stark-Watzinger-1024x683.jpg 1024w, https:\/\/fdp-aktiv.de\/blog\/wp-content\/uploads\/2021\/08\/Stark-Watzinger-300x200.jpg 300w, https:\/\/fdp-aktiv.de\/blog\/wp-content\/uploads\/2021\/08\/Stark-Watzinger-768x512.jpg 768w, https:\/\/fdp-aktiv.de\/blog\/wp-content\/uploads\/2021\/08\/Stark-Watzinger-1536x1024.jpg 1536w, https:\/\/fdp-aktiv.de\/blog\/wp-content\/uploads\/2021\/08\/Stark-Watzinger-2048x1366.jpg 2048w\" sizes=\"auto, (max-width: 800px) 100vw, 800px\" \/><figcaption id=\"caption-attachment-2284\" class=\"wp-caption-text\">Bettina Stark-Watzinger am 22.11.17 in Berlin im Deutschen Bundestag. \/ Fotograf: Tobias Koch (www.tobiaskoch.net)<\/figcaption><\/figure>\n<ul>\n<li><strong>Hessen muss Impfkampagne anschieben<\/strong><\/li>\n<li><strong>Kostenpflichtige Schnelltests sind der falsche Weg<\/strong><\/li>\n<li><strong>Freie Demokraten fordern eigenes hessisches Indikatoren-System<\/strong><\/li>\n<\/ul>\n<p>WIESBADEN \u2013 Bettina STARK-WATZINGER, Landesvorsitzende der Freien Demokraten in Hessen, hat die gestern getroffenen Beschl\u00fcsse der Ministerpr\u00e4sidentenkonferenz zum weiteren Vorgehen in der Corona-Pandemie kritisiert: \u201eEs ist f\u00fcr uns nicht hinnehmbar, dass die epidemische Notlage nationaler Tragweite erneut vom Bundestag verl\u00e4ngert werden soll. Damit wird der Ausnahmezustand als Normalzustand festgeschrieben, und mittlerweile gibt es ein nur schwer \u00fcberschaubares Gewirr von Regelungen, die direkt an einen solchen Ausnahmezustand ankn\u00fcpfen. Es ist entt\u00e4uschend, dass der hessische Ministerpr\u00e4sident einen solchen Kurs unterst\u00fctzt.\u201c<\/p>\n<p>Stark-Watzinger appelliert an Volker Bouffier, f\u00fcr den Weg aus der Krise jetzt die \u201e\u00c4rmel hochzukrempeln\u201c und die Impfkampagne mit einer klugen Konzeption niedrigschwelliger Angebote wieder anzuschieben. \u201eBislang hat Hessen das offenbar nicht mit gen\u00fcgend Nachdruck getan, denn die Impfkampagne stockt erheblich, so dass auch Dosen des Impfstoffes von Johnson &amp; Johnson, der sich f\u00fcr niedrigschwellige Impfangebote eignet, von Hessen zur\u00fcckgegeben wurden\u201c, \u00e4rgert sich Stark-Watzinger. \u201eDurch eine \u00fcberzeugende Impfkampagne lassen sich die Menschen besser zum Impfen bewegen als mit Druck. Mit Drohungen k\u00f6nnen wir die vierte Welle nicht verhindern.\u201c Die Entscheidung, Corona-Schnelltests f\u00fcr einen Gro\u00dfteil der B\u00fcrgerinnen und B\u00fcrger nicht mehr kostenlos anzubieten, sei falsch: \u201eDiesen Menschen nun die Teilhabe am gesellschaftlichen Leben zu erschweren, ist schlicht nicht fair und wird die Akzeptanz der Corona-Politik nicht f\u00f6rdern\u201c, meint Stark-Watzinger.<\/p>\n<p>Stefan M\u00dcLLER, stellvertretender Fraktionsvorsitzender der Freien Demokraten im Hessischen Landtag, erg\u00e4nzt im Hinblick auf die kommende Sitzung des hessischen Corona-Kabinetts: \u201eDie 3G-Regel, die Getestete mit Geimpften und Genesenen gleichstellt, muss auf jeden Fall beibehalten werden. Ein Schritt zur 2G-Regel w\u00e4re indirekt ein Schritt Richtung Impfplicht.\u201c<\/p>\n<p>M\u00fcller fordert zudem, dass die Landesregierung den Hessinnen und Hessen ein klares Signal gibt, dass es keinen weiteren Lockdown geben werde. \u201eUnternehmen und Gastronomie brauchen nach mehr als eineinhalb Jahren Corona-Krise Planungssicherheit und die Gewissheit, dass sie nicht ein weiteres Mal ihre Betriebe schlie\u00dfen m\u00fcssen.\u201c<\/p>\n<p>Der stellvertretende Fraktionsvorsitzende erwartet dar\u00fcber hinaus, dass Hessen ein eigenes Indikatoren-System erarbeitet, da bei einer vollst\u00e4ndigen Impfquote von rund 54 Prozent nicht mehr die gleichen Ma\u00dfst\u00e4be angelegt werden k\u00f6nnten wie vor einem Jahr: \u201eDie Inzidenz als einziger Indikator ist nicht mehr aussagekr\u00e4ftig. Vor allem die Hospitalisierungsrate muss mit in den Blick genommen werden.\u201c<\/p>\n<p>&nbsp;<\/p>\n","protected":false},"excerpt":{"rendered":"<p>Hessen muss Impfkampagne anschieben Kostenpflichtige Schnelltests sind der falsche Weg Freie Demokraten fordern eigenes hessisches Indikatoren-System WIESBADEN \u2013 Bettina STARK-WATZINGER, Landesvorsitzende der Freien Demokraten in Hessen, hat die gestern getroffenen [&#8230;]<\/p>\n","protected":false},"author":1,"featured_media":0,"comment_status":"open","ping_status":"closed","sticky":false,"template":"","format":"standard","meta":{"footnotes":""},"categories":[4,123,6],"tags":[1301,486,16,907,635,919,636],"class_list":["post-2147","post","type-post","status-publish","format-standard","hentry","category-covid-19","category-gesundheit","category-politik","tag-4te-welle","tag-bettina-stark-watzinger","tag-corona","tag-fdp-aktiv","tag-fdp-hessen","tag-stefan-mueller","tag-volker-bouffier"],"_links":{"self":[{"href":"https:\/\/fdp-aktiv.de\/blog\/wp-json\/wp\/v2\/posts\/2147","targetHints":{"allow":["GET"]}}],"collection":[{"href":"https:\/\/fdp-aktiv.de\/blog\/wp-json\/wp\/v2\/posts"}],"about":[{"href":"https:\/\/fdp-aktiv.de\/blog\/wp-json\/wp\/v2\/types\/post"}],"author":[{"embeddable":true,"href":"https:\/\/fdp-aktiv.de\/blog\/wp-json\/wp\/v2\/users\/1"}],"replies":[{"embeddable":true,"href":"https:\/\/fdp-aktiv.de\/blog\/wp-json\/wp\/v2\/comments?post=2147"}],"version-history":[{"count":3,"href":"https:\/\/fdp-aktiv.de\/blog\/wp-json\/wp\/v2\/posts\/2147\/revisions"}],"predecessor-version":[{"id":2285,"href":"https:\/\/fdp-aktiv.de\/blog\/wp-json\/wp\/v2\/posts\/2147\/revisions\/2285"}],"wp:attachment":[{"href":"https:\/\/fdp-aktiv.de\/blog\/wp-json\/wp\/v2\/media?parent=2147"}],"wp:term":[{"taxonomy":"category","embeddable":true,"href":"https:\/\/fdp-aktiv.de\/blog\/wp-json\/wp\/v2\/categories?post=2147"},{"taxonomy":"post_tag","embeddable":true,"href":"https:\/\/fdp-aktiv.de\/blog\/wp-json\/wp\/v2\/tags?post=2147"}],"curies":[{"name":"wp","href":"https:\/\/api.w.org\/{rel}","templated":true}]}}