{"id":2353,"date":"2021-08-30T10:01:14","date_gmt":"2021-08-30T08:01:14","guid":{"rendered":"https:\/\/fdp-aktiv.de\/blog\/?p=2353"},"modified":"2023-06-05T06:29:45","modified_gmt":"2023-06-05T04:29:45","slug":"kiel-populistische-forderungen-schaffen-keinen-neuen-wohnraum","status":"publish","type":"post","link":"https:\/\/fdp-aktiv.de\/blog\/2021\/08\/30\/kiel-populistische-forderungen-schaffen-keinen-neuen-wohnraum\/","title":{"rendered":"Kiel: Populistische Forderungen schaffen keinen neuen Wohnraum"},"content":{"rendered":"<p>Anl\u00e4sslich der \u00c4u\u00dferung des Verbands norddeutscher Wohnungsunternehmen (VNW) zur Forderung nach mehr Bauland f\u00fcr bezahlbaren Wohnraum erkl\u00e4rt der wohnungsbaupolitische Sprecher der FDP-Landtagsfraktion, <strong>Jan Marcus Rossa<\/strong>:<\/p>\n<p><img decoding=\"async\" src=\"https:\/\/cdn.pixabay.com\/photo\/2019\/07\/23\/22\/17\/apartments-4358755_960_720.jpg\" srcset=\"https:\/\/cdn.pixabay.com\/photo\/2019\/07\/23\/22\/17\/apartments-4358755_960_720.jpg 1x, https:\/\/cdn.pixabay.com\/photo\/2019\/07\/23\/22\/17\/apartments-4358755_1280.jpg 2x\" alt=\"Wohnungen, T\u00fcren, Farben, Tokio, Japan, Haus, Interieur\" width=\"960\" height=\"540.0647249190947\" \/><\/p>\n<p>\u201eIn einem hat Andreas Breitner Recht: Populistische Forderungen, die niemandem nutzen, haben in der Wohnungspolitik nichts verloren. Umso verwunderlicher ist, dass der Direktor des VNW ausgerechnet auf die Forderung der SPD nach einer z\u00fcgigen Umsetzung des Baulandmobilisierungsgesetzes aufspringt. Denn leider geht die SPD nicht auf die Frage ein, wo in Schleswig-Holstein sie einen angespannten Wohnungsmarkt sieht. Damit bleibt v\u00f6llig offen, ob die rechtlichen Voraussetzungen f\u00fcr eine solche Verordnung f\u00fcr bestimmte Gemeinden in Schleswig-Holstein \u00fcberhaupt vorliegen.<\/p>\n<p>Andreas Breitner irrt auch, wenn er Zwangsregulierungen und Vorkaufsrecht als intelligente Instrumente zur Schaffung von Wohnraum propagiert. Keine dieser Ma\u00dfnahmen wird zu einer sp\u00fcrbaren Entspannung bei den Grundst\u00fcckspreisen f\u00fchren oder Spekulationen bei Immobilienpreisen verhindern. Die Debatten zur Wohnungspolitik in den vergangenen Jahren haben deutlich gemacht, dass sich die Jamaika-Koalition und die Landesregierung durchaus der besonderen Herausforderung auf dem Wohnungs-markt bewusst sind. Deshalb haben wir seit Beginn der Legislaturperiode die Rahmenbedingungen verbessert, denn es muss schneller, unb\u00fcrokratischer und g\u00fcnstiger gebaut werden, damit auch in Schleswig-Holstein der Wohnungsbedarf gedeckt wird.\u201c<\/p>\n<p>&nbsp;<\/p>\n","protected":false},"excerpt":{"rendered":"<p>Anl\u00e4sslich der \u00c4u\u00dferung des Verbands norddeutscher Wohnungsunternehmen (VNW) zur Forderung nach mehr Bauland f\u00fcr bezahlbaren Wohnraum erkl\u00e4rt der wohnungsbaupolitische Sprecher der FDP-Landtagsfraktion, Jan Marcus Rossa: \u201eIn einem hat Andreas Breitner [&#8230;]<\/p>\n","protected":false},"author":1,"featured_media":0,"comment_status":"open","ping_status":"closed","sticky":false,"template":"","format":"standard","meta":{"footnotes":""},"categories":[8],"tags":[1413,907,814,1408,924,1410,1984,1411],"class_list":["post-2353","post","type-post","status-publish","format-standard","hentry","category-wirtschaft","tag-bedarf","tag-fdp-aktiv","tag-fdp-lsh","tag-jamaika","tag-jan-marcus-rossa","tag-vnw","tag-wohnungen","tag-wohnungspolitik"],"_links":{"self":[{"href":"https:\/\/fdp-aktiv.de\/blog\/wp-json\/wp\/v2\/posts\/2353","targetHints":{"allow":["GET"]}}],"collection":[{"href":"https:\/\/fdp-aktiv.de\/blog\/wp-json\/wp\/v2\/posts"}],"about":[{"href":"https:\/\/fdp-aktiv.de\/blog\/wp-json\/wp\/v2\/types\/post"}],"author":[{"embeddable":true,"href":"https:\/\/fdp-aktiv.de\/blog\/wp-json\/wp\/v2\/users\/1"}],"replies":[{"embeddable":true,"href":"https:\/\/fdp-aktiv.de\/blog\/wp-json\/wp\/v2\/comments?post=2353"}],"version-history":[{"count":1,"href":"https:\/\/fdp-aktiv.de\/blog\/wp-json\/wp\/v2\/posts\/2353\/revisions"}],"predecessor-version":[{"id":2354,"href":"https:\/\/fdp-aktiv.de\/blog\/wp-json\/wp\/v2\/posts\/2353\/revisions\/2354"}],"wp:attachment":[{"href":"https:\/\/fdp-aktiv.de\/blog\/wp-json\/wp\/v2\/media?parent=2353"}],"wp:term":[{"taxonomy":"category","embeddable":true,"href":"https:\/\/fdp-aktiv.de\/blog\/wp-json\/wp\/v2\/categories?post=2353"},{"taxonomy":"post_tag","embeddable":true,"href":"https:\/\/fdp-aktiv.de\/blog\/wp-json\/wp\/v2\/tags?post=2353"}],"curies":[{"name":"wp","href":"https:\/\/api.w.org\/{rel}","templated":true}]}}