{"id":2544,"date":"2021-09-15T16:23:27","date_gmt":"2021-09-15T14:23:27","guid":{"rendered":"https:\/\/fdp-aktiv.de\/blog\/?p=2544"},"modified":"2021-09-15T16:23:40","modified_gmt":"2021-09-15T14:23:40","slug":"engpaesse-in-kinder-und-jugendpsychiatrien-fdp-bayern-fordert-runden-tisch","status":"publish","type":"post","link":"https:\/\/fdp-aktiv.de\/blog\/2021\/09\/15\/engpaesse-in-kinder-und-jugendpsychiatrien-fdp-bayern-fordert-runden-tisch\/","title":{"rendered":"Engp\u00e4sse in Kinder- und Jugendpsychiatrien \u2013 FDP Bayern fordert Runden Tisch"},"content":{"rendered":"<p>Geschlossene Kitas und Schulen, monatelange Kontaktbeschr\u00e4nkungen, fehlende Freizeitaktivit\u00e4ten \u2013 die Corona-Ma\u00dfnahmen\u00a0haben Kinder und Jugendliche besonders hart getroffen und zu erheblichen psychischen Belastungen gef\u00fchrt. Das geht aus einem Bericht des Bundesgesundheits- und Bundesfamilienministeriums hervor, der heute ver\u00f6ffentlicht wurde. Gerade in Bayern fehlen aber ausreichend Pl\u00e4tze in den Kinder- und Jugendpsychiatrien. Die FDP Bayern fordert deshalb die Staatsregierung auf, einen Runden Tisch mit allen Beteiligten einzuberufen. Dazu Bayerns FDP-Chef <strong>Daniel F\u00f6st<\/strong>:<\/p>\n<figure id=\"attachment_489\" aria-describedby=\"caption-attachment-489\" style=\"width: 928px\" class=\"wp-caption aligncenter\"><img loading=\"lazy\" decoding=\"async\" class=\"size-full wp-image-489\" src=\"https:\/\/fdp-aktiv.de\/blog\/wp-content\/uploads\/2021\/02\/image.png\" alt=\"Daniel F\u00f6st\" width=\"928\" height=\"656\" srcset=\"https:\/\/fdp-aktiv.de\/blog\/wp-content\/uploads\/2021\/02\/image.png 928w, https:\/\/fdp-aktiv.de\/blog\/wp-content\/uploads\/2021\/02\/image-300x212.png 300w, https:\/\/fdp-aktiv.de\/blog\/wp-content\/uploads\/2021\/02\/image-768x543.png 768w\" sizes=\"auto, (max-width: 928px) 100vw, 928px\" \/><figcaption id=\"caption-attachment-489\" class=\"wp-caption-text\">Daniel F\u00f6st:<\/figcaption><\/figure>\n<p>\u201eDie Staatsregierung muss unverz\u00fcglich einen Runden Tisch einberufen und gemeinsam mit den Bezirken, \u00c4rzten und Krankenkassen ein Konzept erarbeiten, um station\u00e4re und ambulante Versorgungsengp\u00e4sse zu beseitigen. Kein Kind sollte an der T\u00fcr abgewiesen werden, weil die Kapazit\u00e4ten in den Einrichtungen nicht ausreichen.<\/p>\n<p>Kinder und Jugendliche mussten in der Pandemie viel wegstecken. Nicht zuletzt die monatelange Isolation und der fehlende Kontakt zu Freunden\u00a0haben ihnen stark zugesetzt. Zum Wohl der Allgemeinheit haben die allermeisten jungen Menschen die Corona-Regeln vorbildlich mitgetragen \u2013 die Regierung ist in der moralischen Pflicht, sofort und unb\u00fcrokratisch zu helfen.<\/p>\n<p>Es ist daher mehr als besch\u00e4mend, dass Bayerns Staatsregierung es jahrelang vers\u00e4umt hat, f\u00fcr gen\u00fcgend Pl\u00e4tze und Betten in Kinder- und Jugendpsychiatrien und f\u00fcr ausreichend niederschwellige ambulante Angebote zu sorgen. Lange Wartzeiten auf Behandlungspl\u00e4tze sind mittlerweile gang und g\u00e4be und bringen viele Betroffene und ihre Familien an den Rand der Verzweiflung. Hier ist beherztes Handeln gefragt. Alle Beteiligten m\u00fcssen an einen Tisch.\u201c<\/p>\n","protected":false},"excerpt":{"rendered":"<p>Geschlossene Kitas und Schulen, monatelange Kontaktbeschr\u00e4nkungen, fehlende Freizeitaktivit\u00e4ten \u2013 die Corona-Ma\u00dfnahmen\u00a0haben Kinder und Jugendliche besonders hart getroffen und zu erheblichen psychischen Belastungen gef\u00fchrt. Das geht aus einem Bericht des Bundesgesundheits- [&#8230;]<\/p>\n","protected":false},"author":1,"featured_media":0,"comment_status":"open","ping_status":"closed","sticky":false,"template":"","format":"standard","meta":{"footnotes":""},"categories":[207,123],"tags":[457,1486,322,1487],"class_list":["post-2544","post","type-post","status-publish","format-standard","hentry","category-familie-wohnen","category-gesundheit","tag-daniel-foest","tag-engpass","tag-fdp-bayern","tag-kinder-und-jugendpsychiatrien"],"_links":{"self":[{"href":"https:\/\/fdp-aktiv.de\/blog\/wp-json\/wp\/v2\/posts\/2544","targetHints":{"allow":["GET"]}}],"collection":[{"href":"https:\/\/fdp-aktiv.de\/blog\/wp-json\/wp\/v2\/posts"}],"about":[{"href":"https:\/\/fdp-aktiv.de\/blog\/wp-json\/wp\/v2\/types\/post"}],"author":[{"embeddable":true,"href":"https:\/\/fdp-aktiv.de\/blog\/wp-json\/wp\/v2\/users\/1"}],"replies":[{"embeddable":true,"href":"https:\/\/fdp-aktiv.de\/blog\/wp-json\/wp\/v2\/comments?post=2544"}],"version-history":[{"count":1,"href":"https:\/\/fdp-aktiv.de\/blog\/wp-json\/wp\/v2\/posts\/2544\/revisions"}],"predecessor-version":[{"id":2545,"href":"https:\/\/fdp-aktiv.de\/blog\/wp-json\/wp\/v2\/posts\/2544\/revisions\/2545"}],"wp:attachment":[{"href":"https:\/\/fdp-aktiv.de\/blog\/wp-json\/wp\/v2\/media?parent=2544"}],"wp:term":[{"taxonomy":"category","embeddable":true,"href":"https:\/\/fdp-aktiv.de\/blog\/wp-json\/wp\/v2\/categories?post=2544"},{"taxonomy":"post_tag","embeddable":true,"href":"https:\/\/fdp-aktiv.de\/blog\/wp-json\/wp\/v2\/tags?post=2544"}],"curies":[{"name":"wp","href":"https:\/\/api.w.org\/{rel}","templated":true}]}}