{"id":2681,"date":"2021-09-26T20:56:03","date_gmt":"2021-09-26T18:56:03","guid":{"rendered":"https:\/\/fdp-aktiv.de\/blog\/?p=2681"},"modified":"2021-09-26T20:56:03","modified_gmt":"2021-09-26T18:56:03","slug":"lindner-statement-jetzt-ist-die-zeit-fuer-einen-aufbruch","status":"publish","type":"post","link":"https:\/\/fdp-aktiv.de\/blog\/2021\/09\/26\/lindner-statement-jetzt-ist-die-zeit-fuer-einen-aufbruch\/","title":{"rendered":"LINDNER-Statement: Jetzt ist die Zeit f\u00fcr einen Aufbruch"},"content":{"rendered":"<p>Zum Ausgang der Bundestagswahl sowie der Landtagswahlen in Mecklenburg-Vorpommern und der Wahlen zum Abgeordnetenhaus in Berlin gab der FDP-Bundesvorsitzende Christian Lindner folgendes Statement ab:<\/p>\n<figure id=\"attachment_2196\" aria-describedby=\"caption-attachment-2196\" style=\"width: 800px\" class=\"wp-caption aligncenter\"><img loading=\"lazy\" decoding=\"async\" class=\"size-full wp-image-2196\" src=\"https:\/\/fdp-aktiv.de\/blog\/wp-content\/uploads\/2021\/08\/Christian-Lindner-WP-Bild-800x600-1.jpg\" alt=\"Christian Lindner\" width=\"800\" height=\"600\" srcset=\"https:\/\/fdp-aktiv.de\/blog\/wp-content\/uploads\/2021\/08\/Christian-Lindner-WP-Bild-800x600-1.jpg 800w, https:\/\/fdp-aktiv.de\/blog\/wp-content\/uploads\/2021\/08\/Christian-Lindner-WP-Bild-800x600-1-300x225.jpg 300w, https:\/\/fdp-aktiv.de\/blog\/wp-content\/uploads\/2021\/08\/Christian-Lindner-WP-Bild-800x600-1-768x576.jpg 768w\" sizes=\"auto, (max-width: 800px) 100vw, 800px\" \/><figcaption id=\"caption-attachment-2196\" class=\"wp-caption-text\">Christian Lindner<\/figcaption><\/figure>\n<p>Meine sehr geehrten Damen, meine Herren, liebe Parteifreundinnen und Parteifreunde, die FDP hat eines der besten Wahlergebnisse in ihrer Geschichte erzielt. Zudem sind wir zum ersten Mal bei zwei aufeinanderfolgenden Bundestagswahlen zweistellig geworden. Das ist ein gro\u00dfer Vertrauensbeweis.<\/p>\n<p>Wir freuen uns \u00fcber ein gutes Ergebnis in Berlin und die voraussichtliche R\u00fcckkehr in den Landtag von Mecklenburg-Vorpommern. Dieser Tag hat die Liberalen in ganz Deutschland gest\u00e4rkt.<\/p>\n<p>Wir danken unseren W\u00e4hlerinnen und W\u00e4hlern, unseren Unterst\u00fctzerinnen und ehrenamtlichen Wahlk\u00e4mpfern \u2013 wir danken allen, die den Wert der Freiheit in diesem Jahr zu ihrem politischen Projekt gemacht haben!<\/p>\n<p>Von diesem Tag geht ein klares Signal aus: Die politische Mitte wurde gest\u00e4rkt, die politischen R\u00e4nder wurden geschw\u00e4cht. Der Auftrag an alle Parteien mit staatspolitischer Verantwortung ist: Die B\u00fcrgerinnen und B\u00fcrger wollen eine Regierungsbildung aus der Mitte heraus. Das ist eine gute Nachricht f\u00fcr unsere Demokratie. Es ist zugleich eine Botschaft \u00fcber unser Land hinaus, dass die Bundesrepublik weiter ein stabiler Partner sein wird.<\/p>\n<p>Diese Bundestagswahl l\u00e4sst der FDP eine besondere Verantwortung zuwachsen. Wir untersch\u00e4tzen die Dimension der Herausforderungen nicht, ganz im Gegenteil. Aber wir sind bereit, unseren Beitrag zu leisten.<\/p>\n<p>Wir haben einen eigenst\u00e4ndigen Wahlkampf gef\u00fchrt. Wir haben f\u00fcr den Wert der Freiheit geworben und f\u00fcr eine Politik der Mitte. Wir wollen Wohlstand erwirtschaften und nicht nur verteilen. Wir sehen in Bildung die wichtigste soziale Aufgabe. Wir haben mehr Freude\u00a0<span lang=\"EN-US\" xml:lang=\"EN-US\">am Erfinden als am Verbieten<\/span>.<\/p>\n<p><span lang=\"EN-US\" xml:lang=\"EN-US\">Wir haben einen eigenst\u00e4ndigen Wahlkampf f\u00fcr unsere Werte, unsere Projekte und unsere Kandidatinnen und Kandidaten gef\u00fchrt.\u00a0<\/span>Manche haben explizit gegen die FDP Wahlkampf gef\u00fchrt. Insbesondere jene, die uns eigentlich inhaltlich n\u00e4her stehen. Deshalb k\u00f6nnen wir aber heute feststellen: Die FDP wurde als liberale Partei f\u00fcr ihre Inhalte gew\u00e4hlt. Wer FDP gew\u00e4hlt hat, meinte die FDP.\u00a0<span lang=\"EN-US\" xml:lang=\"EN-US\">Unsere Eigenst\u00e4ndigkeit aus dem Wahlkampf werden wir uns auch in der Zeit nach der Wahl bewahren.<\/span><\/p>\n<p>Auch der Zuwachs bei B\u00fcndnis 90\/Die Gr\u00fcnen ist bemerkenswert. Gr\u00fcne und FDP verbindet, dass beide einen eigenst\u00e4ndigen Wahlkampf gef\u00fchrt haben. Beide haben sich aus unterschiedlicher Perspektive gegen den Status quo der Gro\u00dfen Koalition gewandt. Die Parteien der Gro\u00dfen Koalition haben dagegen in der Summe gegen\u00fcber der letzten Wahl nicht gewonnen. Deshalb kann es in Deutschland kein \u201eWeiter so\u201c geben \u2013 jetzt ist die Zeit f\u00fcr einen neuen Aufbruch.<\/p>\n","protected":false},"excerpt":{"rendered":"<p>Zum Ausgang der Bundestagswahl sowie der Landtagswahlen in Mecklenburg-Vorpommern und der Wahlen zum Abgeordnetenhaus in Berlin gab der FDP-Bundesvorsitzende Christian Lindner folgendes Statement ab: Meine sehr geehrten Damen, meine Herren, [&#8230;]<\/p>\n","protected":false},"author":1,"featured_media":0,"comment_status":"open","ping_status":"closed","sticky":false,"template":"","format":"standard","meta":{"footnotes":""},"categories":[6],"tags":[1049,12],"class_list":["post-2681","post","type-post","status-publish","format-standard","hentry","category-politik","tag-btw21","tag-christian-lindner"],"_links":{"self":[{"href":"https:\/\/fdp-aktiv.de\/blog\/wp-json\/wp\/v2\/posts\/2681","targetHints":{"allow":["GET"]}}],"collection":[{"href":"https:\/\/fdp-aktiv.de\/blog\/wp-json\/wp\/v2\/posts"}],"about":[{"href":"https:\/\/fdp-aktiv.de\/blog\/wp-json\/wp\/v2\/types\/post"}],"author":[{"embeddable":true,"href":"https:\/\/fdp-aktiv.de\/blog\/wp-json\/wp\/v2\/users\/1"}],"replies":[{"embeddable":true,"href":"https:\/\/fdp-aktiv.de\/blog\/wp-json\/wp\/v2\/comments?post=2681"}],"version-history":[{"count":1,"href":"https:\/\/fdp-aktiv.de\/blog\/wp-json\/wp\/v2\/posts\/2681\/revisions"}],"predecessor-version":[{"id":2682,"href":"https:\/\/fdp-aktiv.de\/blog\/wp-json\/wp\/v2\/posts\/2681\/revisions\/2682"}],"wp:attachment":[{"href":"https:\/\/fdp-aktiv.de\/blog\/wp-json\/wp\/v2\/media?parent=2681"}],"wp:term":[{"taxonomy":"category","embeddable":true,"href":"https:\/\/fdp-aktiv.de\/blog\/wp-json\/wp\/v2\/categories?post=2681"},{"taxonomy":"post_tag","embeddable":true,"href":"https:\/\/fdp-aktiv.de\/blog\/wp-json\/wp\/v2\/tags?post=2681"}],"curies":[{"name":"wp","href":"https:\/\/api.w.org\/{rel}","templated":true}]}}