{"id":2691,"date":"2021-09-28T14:55:50","date_gmt":"2021-09-28T12:55:50","guid":{"rendered":"https:\/\/fdp-aktiv.de\/blog\/?p=2691"},"modified":"2021-09-28T14:55:50","modified_gmt":"2021-09-28T12:55:50","slug":"fdp-verhandlungsbereit-wolfgang-kubicki-kann-sich-jamaika-koalition-auf-bundesebene-vorstellen","status":"publish","type":"post","link":"https:\/\/fdp-aktiv.de\/blog\/2021\/09\/28\/fdp-verhandlungsbereit-wolfgang-kubicki-kann-sich-jamaika-koalition-auf-bundesebene-vorstellen\/","title":{"rendered":"FDP VERHANDLUNGSBEREIT: Wolfgang Kubicki kann sich Jamaika-Koalition auf Bundesebene vorstellen"},"content":{"rendered":"<p>Wie geht die FDP in die Gespr\u00e4che mit den Gr\u00fcnen? Ist man kompromissbereit beim Thema Tempolimit? Sind Steuererh\u00f6hungen verhandelbar? Wird man einen \u201eModernisierungspakt\u201c schlie\u00dfen? FDP-Vize Wolfgang Kubicki gibt die Antworten im WELT-Interview.<\/p>\n<p><iframe loading=\"lazy\" title=\"FDP VERHANDLUNGSBEREIT: Wolfgang Kubicki kann sich Jamaika-Koalition auf Bundesebene vorstellen\" width=\"800\" height=\"450\" src=\"https:\/\/www.youtube.com\/embed\/M-T0onMFxo8?feature=oembed\" frameborder=\"0\" allow=\"accelerometer; autoplay; clipboard-write; encrypted-media; gyroscope; picture-in-picture\" allowfullscreen><\/iframe><\/p>\n","protected":false},"excerpt":{"rendered":"<p>Wie geht die FDP in die Gespr\u00e4che mit den Gr\u00fcnen? Ist man kompromissbereit beim Thema Tempolimit? Sind Steuererh\u00f6hungen verhandelbar? Wird man einen \u201eModernisierungspakt\u201c schlie\u00dfen? FDP-Vize Wolfgang Kubicki gibt die Antworten [&#8230;]<\/p>\n","protected":false},"author":1,"featured_media":0,"comment_status":"open","ping_status":"closed","sticky":false,"template":"","format":"standard","meta":{"footnotes":""},"categories":[60],"tags":[1049,46,66],"class_list":["post-2691","post","type-post","status-publish","format-standard","hentry","category-youtube","tag-btw21","tag-koalition","tag-wolfgang-kubicki"],"_links":{"self":[{"href":"https:\/\/fdp-aktiv.de\/blog\/wp-json\/wp\/v2\/posts\/2691","targetHints":{"allow":["GET"]}}],"collection":[{"href":"https:\/\/fdp-aktiv.de\/blog\/wp-json\/wp\/v2\/posts"}],"about":[{"href":"https:\/\/fdp-aktiv.de\/blog\/wp-json\/wp\/v2\/types\/post"}],"author":[{"embeddable":true,"href":"https:\/\/fdp-aktiv.de\/blog\/wp-json\/wp\/v2\/users\/1"}],"replies":[{"embeddable":true,"href":"https:\/\/fdp-aktiv.de\/blog\/wp-json\/wp\/v2\/comments?post=2691"}],"version-history":[{"count":1,"href":"https:\/\/fdp-aktiv.de\/blog\/wp-json\/wp\/v2\/posts\/2691\/revisions"}],"predecessor-version":[{"id":2692,"href":"https:\/\/fdp-aktiv.de\/blog\/wp-json\/wp\/v2\/posts\/2691\/revisions\/2692"}],"wp:attachment":[{"href":"https:\/\/fdp-aktiv.de\/blog\/wp-json\/wp\/v2\/media?parent=2691"}],"wp:term":[{"taxonomy":"category","embeddable":true,"href":"https:\/\/fdp-aktiv.de\/blog\/wp-json\/wp\/v2\/categories?post=2691"},{"taxonomy":"post_tag","embeddable":true,"href":"https:\/\/fdp-aktiv.de\/blog\/wp-json\/wp\/v2\/tags?post=2691"}],"curies":[{"name":"wp","href":"https:\/\/api.w.org\/{rel}","templated":true}]}}