{"id":2815,"date":"2021-10-15T08:01:20","date_gmt":"2021-10-15T06:01:20","guid":{"rendered":"https:\/\/fdp-aktiv.de\/blog\/?p=2815"},"modified":"2021-10-15T08:01:20","modified_gmt":"2021-10-15T06:01:20","slug":"klartext-ende-der-corona-regeln-wann-ist-freedom-day","status":"publish","type":"post","link":"https:\/\/fdp-aktiv.de\/blog\/2021\/10\/15\/klartext-ende-der-corona-regeln-wann-ist-freedom-day\/","title":{"rendered":"KLARTEXT: Ende der Corona-Regeln \u2013 wann ist \u201eFreedom Day\u201c?"},"content":{"rendered":"<p><span class=\"style-scope yt-formatted-string\" dir=\"auto\">\u25b6\ufe0f\u25b6\ufe0f KLARTEXT &#8211; jeden Dienstag um <\/span><span class=\"style-scope yt-formatted-string\" dir=\"auto\">22:15<\/span><span class=\"style-scope yt-formatted-string\" dir=\"auto\"> bei ServusTV Deutschland und jeden Mittwochabend bei ServusTV \u00d6sterreich! Exklusive Langfassungen und mehr in der Servus Mediathek: <\/span><a class=\"yt-simple-endpoint style-scope yt-formatted-string\" dir=\"auto\" spellcheck=\"false\" href=\"https:\/\/www.youtube.com\/redirect?event=video_description&amp;redir_token=QUFFLUhqbnQxVnV0ajZWQ2J2bEN0X3BkQXhsTnpoWXdWZ3xBQ3Jtc0ttZmJPODEySTgyanZvTGFBQ2h3cU4xdFhsalpmQ2xCanhUQ0RCWUFTbk54R3hjeGNIZU50czJjcGJSTUtGXzQ2TzF6ODN1dDNmakYtaXZ6ckpIWjZZWlFjaFQxeXpVNk5aeVlKZDMxdEp6blhhWlNaOA&amp;q=https%3A%2F%2Fwww.servustv.com%2Faktuelles%2Fb%2Fklartext%2Faa-282x3d6dh1w11%2F\" target=\"_blank\" rel=\"nofollow noopener\">https:\/\/www.servustv.com\/aktuelles\/b\/&#8230;<\/a><\/p>\n<p><span class=\"style-scope yt-formatted-string\" dir=\"auto\">Moderation: David Rohde G\u00e4ste: <\/span><\/p>\n<p><span class=\"style-scope yt-formatted-string\" dir=\"auto\">&#8211; Erwin R\u00fcddel, CDU, Bundestagsabgeordneter und Vorsitzender des Gesundheitsausschusses <\/span><\/p>\n<p><span class=\"style-scope yt-formatted-string\" dir=\"auto\">&#8211; Konstantin Kuhle, FDP, Bundestagsabgeordneter und Innenpolitischer Sprecher <\/span><\/p>\n<p><span class=\"style-scope yt-formatted-string\" dir=\"auto\">Pl\u00f6tzlich gibt es in Deutschland 3,5 Millionen mehr Geimpfte, als bisher gedacht. 84 Prozent der Erwachsenen haben zumindest die Erstimpfung erhalten. Das Robert-Koch-Institut (RKI) hatte sich \u201evertan\u201c. Was so lapidar klingt, hat enorme Folgen. Denn basierend auf diesen Zahlen ist die Herdenimmunit\u00e4t erreicht. \u201eViel mehr als 80 Prozent gibt es nirgendwo auf der Welt\u201c, sagt Andreas Gassen, der Chef der Kassen\u00e4rzte. Gesundheitsminister Jens Spahn l\u00e4sst nun immerhin drau\u00dfen die Masken wegfallen. Aber wann will die Bundesregierung endlich alle Einschr\u00e4nkungen aufheben?<\/span><\/p>\n<figure id=\"attachment_2816\" aria-describedby=\"caption-attachment-2816\" style=\"width: 800px\" class=\"wp-caption aligncenter\"><img loading=\"lazy\" decoding=\"async\" class=\"size-large wp-image-2816\" src=\"https:\/\/fdp-aktiv.de\/blog\/wp-content\/uploads\/2021\/10\/Klartext-1024x579.png\" alt=\"\" width=\"800\" height=\"452\" srcset=\"https:\/\/fdp-aktiv.de\/blog\/wp-content\/uploads\/2021\/10\/Klartext-1024x579.png 1024w, https:\/\/fdp-aktiv.de\/blog\/wp-content\/uploads\/2021\/10\/Klartext-300x170.png 300w, https:\/\/fdp-aktiv.de\/blog\/wp-content\/uploads\/2021\/10\/Klartext-768x434.png 768w, https:\/\/fdp-aktiv.de\/blog\/wp-content\/uploads\/2021\/10\/Klartext.png 1271w\" sizes=\"auto, (max-width: 800px) 100vw, 800px\" \/><figcaption id=\"caption-attachment-2816\" class=\"wp-caption-text\">Konstantin Kuhle bei Klartext<\/figcaption><\/figure>\n<p><span class=\"style-scope yt-formatted-string\" dir=\"auto\">Stattdessen geht der Druck auf Ungeimpfte immer noch weiter. Ab 11. Oktober muss man Schnelltestes selbst bezahlen. Und oft bringen die auch gar nichts. Denn immer mehr Gastronomen, Freizeiteinrichtungen und sogar erste Einzelh\u00e4ndler setzen auf 2G und lassen nur noch Geimpfte und Genesene rein. Und die Gesundheitsminister der L\u00e4nder diskutieren \u00fcber eine 3G-Regelung am Arbeitsplatz. <\/span><\/p>\n<p><span class=\"style-scope yt-formatted-string\" dir=\"auto\">Gleichzeitig hoffen viele Sch\u00fcler wieder auf maskenfreien Unterricht. Zur Zeit haben wir in Deutschland wieder mal ein f\u00f6derales Flickwerk, bei dem ein Sechstkl\u00e4ssler in Niedersachsen mit Maske im Unterricht sitzen muss, w\u00e4hrend Sch\u00fcler in Bayern das nicht mehr m\u00fcssen. <\/span><\/p>\n<p><span class=\"style-scope yt-formatted-string\" dir=\"auto\">Und dann warnen SPD-Gesundheitsexperte Karl Lauterbach und RKI-Chef Lothar Wieler vor der kommenden Grippe-Saison und raten zur Impfung und damit zur n\u00e4chsten Spritze. Andernfalls drohe wieder einmal die \u00dcberlastung des Gesundheitssystems, hei\u00dft es. <\/span><\/p>\n<p><span class=\"style-scope yt-formatted-string\" dir=\"auto\">Opposition und viele Experten fordern jetzt auch f\u00fcr Deutschland einen \u201eFreedom Day\u201c \u2013 also den Tag, ab dem s\u00e4mtliche Einschr\u00e4nkungen beendet sind. Die Bundesregierung schw\u00f6rt die Deutschen dagegen lieber auf den n\u00e4chsten Corona-Winter ein. Erst im Fr\u00fchjahr 2022 k\u00f6nnte die Pandemie vorbei sein, hei\u00dft es aus dem Bundesgesundheitsministerium.<\/span><\/p>\n<p><iframe loading=\"lazy\" title=\"KLARTEXT: Ende der Corona-Regeln \u2013 wann ist \u201eFreedom Day\u201c?  | Kurzfassung\" width=\"800\" height=\"450\" src=\"https:\/\/www.youtube.com\/embed\/ivHU_xKOyv4?feature=oembed\" frameborder=\"0\" allow=\"accelerometer; autoplay; clipboard-write; encrypted-media; gyroscope; picture-in-picture\" allowfullscreen><\/iframe><\/p>\n","protected":false},"excerpt":{"rendered":"<p>\u25b6\ufe0f\u25b6\ufe0f KLARTEXT &#8211; jeden Dienstag um 22:15 bei ServusTV Deutschland und jeden Mittwochabend bei ServusTV \u00d6sterreich! Exklusive Langfassungen und mehr in der Servus Mediathek: https:\/\/www.servustv.com\/aktuelles\/b\/&#8230; Moderation: David Rohde G\u00e4ste: &#8211; [&#8230;]<\/p>\n","protected":false},"author":1,"featured_media":0,"comment_status":"open","ping_status":"closed","sticky":false,"template":"","format":"standard","meta":{"footnotes":""},"categories":[4,8,60],"tags":[907,1560,1570,543,1571],"class_list":["post-2815","post","type-post","status-publish","format-standard","hentry","category-covid-19","category-wirtschaft","category-youtube","tag-fdp-aktiv","tag-freedom-day","tag-klartext","tag-rki","tag-servus-tv"],"_links":{"self":[{"href":"https:\/\/fdp-aktiv.de\/blog\/wp-json\/wp\/v2\/posts\/2815","targetHints":{"allow":["GET"]}}],"collection":[{"href":"https:\/\/fdp-aktiv.de\/blog\/wp-json\/wp\/v2\/posts"}],"about":[{"href":"https:\/\/fdp-aktiv.de\/blog\/wp-json\/wp\/v2\/types\/post"}],"author":[{"embeddable":true,"href":"https:\/\/fdp-aktiv.de\/blog\/wp-json\/wp\/v2\/users\/1"}],"replies":[{"embeddable":true,"href":"https:\/\/fdp-aktiv.de\/blog\/wp-json\/wp\/v2\/comments?post=2815"}],"version-history":[{"count":1,"href":"https:\/\/fdp-aktiv.de\/blog\/wp-json\/wp\/v2\/posts\/2815\/revisions"}],"predecessor-version":[{"id":2817,"href":"https:\/\/fdp-aktiv.de\/blog\/wp-json\/wp\/v2\/posts\/2815\/revisions\/2817"}],"wp:attachment":[{"href":"https:\/\/fdp-aktiv.de\/blog\/wp-json\/wp\/v2\/media?parent=2815"}],"wp:term":[{"taxonomy":"category","embeddable":true,"href":"https:\/\/fdp-aktiv.de\/blog\/wp-json\/wp\/v2\/categories?post=2815"},{"taxonomy":"post_tag","embeddable":true,"href":"https:\/\/fdp-aktiv.de\/blog\/wp-json\/wp\/v2\/tags?post=2815"}],"curies":[{"name":"wp","href":"https:\/\/api.w.org\/{rel}","templated":true}]}}