{"id":289,"date":"2021-01-23T06:51:54","date_gmt":"2021-01-23T05:51:54","guid":{"rendered":"https:\/\/fdp-aktiv.de\/blog\/?p=289"},"modified":"2021-01-23T06:51:57","modified_gmt":"2021-01-23T05:51:57","slug":"fdp-kritisiert-heils-home-office-verordnung-die-koalition-hat-zu-lange-geschlafen","status":"publish","type":"post","link":"https:\/\/fdp-aktiv.de\/blog\/2021\/01\/23\/fdp-kritisiert-heils-home-office-verordnung-die-koalition-hat-zu-lange-geschlafen\/","title":{"rendered":"FDP kritisiert Heils Home-Office-Verordnung: &#8220;Die Koalition hat zu lange geschlafen&#8221;"},"content":{"rendered":"\n<figure class=\"wp-block-image\"><img decoding=\"async\" src=\"https:\/\/img-s-msn-com.akamaized.net\/tenant\/amp\/entityid\/BB1d0e2C.img?h=591&amp;w=799&amp;m=6&amp;q=60&amp;o=f&amp;l=f&amp;x=513&amp;y=135\" alt=\"Bundestag\"\/><figcaption>\u00a9 Bernd von Jutrczenka\/picture alliance via Getty Images\u00a0Bundestag<\/figcaption><\/figure>\n\n\n\n<p>Die FDP h\u00e4lt die von Bundesarbeitsminister Hubertus Heil (SPD) erarbeitete&nbsp;<a href=\"https:\/\/www.businessinsider.de\/politik\/deutschland\/neue-vorgaben-fuer-unternehmen-so-wollen-bund-und-laender-mehr-home-office-ermoeglichen\/\" rel=\"noreferrer noopener\" target=\"_blank\">Home-Office-Verordnung der Bundesregierung<\/a>&nbsp;f\u00fcr unzureichend. Der arbeitspolitische Sprecher der FDP, Johannes Vogel, kritisierte im Gespr\u00e4ch mit Business Insider, dass die Verordnung zu einem mehr an B\u00fcrokratie und im Zweifel dadurch sogar zu weniger Home Office f\u00fchre.<\/p>\n\n\n\n<p>Laut der Verordnung der Bundesregierung m\u00fcssen Arbeitgeber in Zukunft und je nach Corona-Inzidenzwert in ihrer Region Home Office erm\u00f6glichen, wenn keine \u201ezwingende betriebliche Gr\u00fcnde\u201c dagegen sprechen. Welche das sind, muss das Unternehmen den Arbeitsschutz-Beh\u00f6rden auf Anfrage erkl\u00e4ren. Was als Gr\u00fcnde zul\u00e4ssig sind, gibt die Verordnung nicht vor. Zwischen Chefs und Mitarbeitenden muss zudem eine Betriebsvereinbarung zum Home Office vorliegen.<\/p>\n\n\n\n<p><strong>Link kompletter Beitrag:<\/strong><\/p>\n\n\n\n<p><a href=\"https:\/\/www.msn.com\/de-de\/finanzen\/top-stories\/fdp-kritisiert-heils-home-office-verordnung-die-koalition-hat-zu-lange-geschlafen\/ar-BB1d0lKO\">https:\/\/www.msn.com\/de-de\/finanzen\/top-stories\/fdp-kritisiert-heils-home-office-verordnung-die-koalition-hat-zu-lange-geschlafen\/ar-BB1d0lKO<\/a><\/p>\n","protected":false},"excerpt":{"rendered":"<p>Die FDP h\u00e4lt die von Bundesarbeitsminister Hubertus Heil (SPD) erarbeitete&nbsp;Home-Office-Verordnung der Bundesregierung&nbsp;f\u00fcr unzureichend. Der arbeitspolitische Sprecher der FDP, Johannes Vogel, kritisierte im Gespr\u00e4ch mit Business Insider, dass die Verordnung zu [&#8230;]<\/p>\n","protected":false},"author":1,"featured_media":0,"comment_status":"open","ping_status":"open","sticky":false,"template":"","format":"standard","meta":{"footnotes":""},"categories":[8],"tags":[83,132,129,131,130,27],"class_list":["post-289","post","type-post","status-publish","format-standard","hentry","category-wirtschaft","tag-bundesregierung","tag-buerokratie","tag-home-office","tag-hubertus-heil","tag-johannes-vogel","tag-lockdown"],"_links":{"self":[{"href":"https:\/\/fdp-aktiv.de\/blog\/wp-json\/wp\/v2\/posts\/289","targetHints":{"allow":["GET"]}}],"collection":[{"href":"https:\/\/fdp-aktiv.de\/blog\/wp-json\/wp\/v2\/posts"}],"about":[{"href":"https:\/\/fdp-aktiv.de\/blog\/wp-json\/wp\/v2\/types\/post"}],"author":[{"embeddable":true,"href":"https:\/\/fdp-aktiv.de\/blog\/wp-json\/wp\/v2\/users\/1"}],"replies":[{"embeddable":true,"href":"https:\/\/fdp-aktiv.de\/blog\/wp-json\/wp\/v2\/comments?post=289"}],"version-history":[{"count":1,"href":"https:\/\/fdp-aktiv.de\/blog\/wp-json\/wp\/v2\/posts\/289\/revisions"}],"predecessor-version":[{"id":290,"href":"https:\/\/fdp-aktiv.de\/blog\/wp-json\/wp\/v2\/posts\/289\/revisions\/290"}],"wp:attachment":[{"href":"https:\/\/fdp-aktiv.de\/blog\/wp-json\/wp\/v2\/media?parent=289"}],"wp:term":[{"taxonomy":"category","embeddable":true,"href":"https:\/\/fdp-aktiv.de\/blog\/wp-json\/wp\/v2\/categories?post=289"},{"taxonomy":"post_tag","embeddable":true,"href":"https:\/\/fdp-aktiv.de\/blog\/wp-json\/wp\/v2\/tags?post=289"}],"curies":[{"name":"wp","href":"https:\/\/api.w.org\/{rel}","templated":true}]}}