{"id":3100,"date":"2021-11-07T11:12:40","date_gmt":"2021-11-07T10:12:40","guid":{"rendered":"https:\/\/fdp-aktiv.de\/blog\/?p=3100"},"modified":"2021-11-07T11:12:40","modified_gmt":"2021-11-07T10:12:40","slug":"landesparteitage-in-bayreuth-und-doebeln","status":"publish","type":"post","link":"https:\/\/fdp-aktiv.de\/blog\/2021\/11\/07\/landesparteitage-in-bayreuth-und-doebeln\/","title":{"rendered":"Landesparteitage in Bayreuth und D\u00f6beln"},"content":{"rendered":"<h3>Bayreuth:<\/h3>\n<p>Zwei Jahre vor der Landtagswahl stellt sich die bayerische FDP neu auf &#8211; um auch im Freistaat in die Regierung zu kommen. Der scheidende Landeschef F\u00f6st attackierte Ministerpr\u00e4sident S\u00f6der. Die Wahl des neuen Landesvorsitzenden in diesem BR24live.<\/p>\n<p><iframe loading=\"lazy\" title=\"BR24live: Landesparteitag der FDP in Bayreuth | BR24\" width=\"800\" height=\"450\" src=\"https:\/\/www.youtube.com\/embed\/RMfcpC8uz0M?feature=oembed\" frameborder=\"0\" allow=\"accelerometer; autoplay; clipboard-write; encrypted-media; gyroscope; picture-in-picture\" allowfullscreen><\/iframe><\/p>\n<h3>D\u00f6beln:<\/h3>\n<p><iframe loading=\"lazy\" title=\"53. Landesparteitag in D\u00f6beln\" width=\"800\" height=\"450\" src=\"https:\/\/www.youtube.com\/embed\/_0IH-JqcC2w?feature=oembed\" frameborder=\"0\" allow=\"accelerometer; autoplay; clipboard-write; encrypted-media; gyroscope; picture-in-picture\" allowfullscreen><\/iframe><\/p>\n<p>&nbsp;<\/p>\n","protected":false},"excerpt":{"rendered":"<p>Bayreuth: Zwei Jahre vor der Landtagswahl stellt sich die bayerische FDP neu auf &#8211; um auch im Freistaat in die Regierung zu kommen. Der scheidende Landeschef F\u00f6st attackierte Ministerpr\u00e4sident S\u00f6der. [&#8230;]<\/p>\n","protected":false},"author":1,"featured_media":247,"comment_status":"open","ping_status":"closed","sticky":false,"template":"","format":"standard","meta":{"footnotes":""},"categories":[6],"tags":[1666,1665,322,1664,1563],"class_list":["post-3100","post","type-post","status-publish","format-standard","has-post-thumbnail","hentry","category-politik","tag-bayreuth","tag-doebeln","tag-fdp-bayern","tag-fdp-sachsen","tag-landesparteitag"],"_links":{"self":[{"href":"https:\/\/fdp-aktiv.de\/blog\/wp-json\/wp\/v2\/posts\/3100","targetHints":{"allow":["GET"]}}],"collection":[{"href":"https:\/\/fdp-aktiv.de\/blog\/wp-json\/wp\/v2\/posts"}],"about":[{"href":"https:\/\/fdp-aktiv.de\/blog\/wp-json\/wp\/v2\/types\/post"}],"author":[{"embeddable":true,"href":"https:\/\/fdp-aktiv.de\/blog\/wp-json\/wp\/v2\/users\/1"}],"replies":[{"embeddable":true,"href":"https:\/\/fdp-aktiv.de\/blog\/wp-json\/wp\/v2\/comments?post=3100"}],"version-history":[{"count":2,"href":"https:\/\/fdp-aktiv.de\/blog\/wp-json\/wp\/v2\/posts\/3100\/revisions"}],"predecessor-version":[{"id":3102,"href":"https:\/\/fdp-aktiv.de\/blog\/wp-json\/wp\/v2\/posts\/3100\/revisions\/3102"}],"wp:featuredmedia":[{"embeddable":true,"href":"https:\/\/fdp-aktiv.de\/blog\/wp-json\/wp\/v2\/media\/247"}],"wp:attachment":[{"href":"https:\/\/fdp-aktiv.de\/blog\/wp-json\/wp\/v2\/media?parent=3100"}],"wp:term":[{"taxonomy":"category","embeddable":true,"href":"https:\/\/fdp-aktiv.de\/blog\/wp-json\/wp\/v2\/categories?post=3100"},{"taxonomy":"post_tag","embeddable":true,"href":"https:\/\/fdp-aktiv.de\/blog\/wp-json\/wp\/v2\/tags?post=3100"}],"curies":[{"name":"wp","href":"https:\/\/api.w.org\/{rel}","templated":true}]}}