{"id":3214,"date":"2021-11-14T08:51:24","date_gmt":"2021-11-14T07:51:24","guid":{"rendered":"https:\/\/fdp-aktiv.de\/blog\/?p=3214"},"modified":"2021-11-14T08:55:50","modified_gmt":"2021-11-14T07:55:50","slug":"baden-wuerttemberg-das-klimaschutzpotenzial-des-waldes-kann-nur-durch-eine-nachhaltige-bewirtschaftung-erhalten-werden","status":"publish","type":"post","link":"https:\/\/fdp-aktiv.de\/blog\/2021\/11\/14\/baden-wuerttemberg-das-klimaschutzpotenzial-des-waldes-kann-nur-durch-eine-nachhaltige-bewirtschaftung-erhalten-werden\/","title":{"rendered":"Baden-W\u00fcrttemberg: Das Klimaschutzpotenzial des Waldes kann nur durch eine nachhaltige Bewirtschaftung erhalten werden"},"content":{"rendered":"<p>Unsere W\u00e4lder sch\u00fctzen das Klima in doppelter Hinsicht<\/p>\n<p>Anl\u00e4sslich der Ver\u00f6ffentlichung des aktuellen Waldzustandsberichts sagte der Sprecher f\u00fcr Wald- und Forstpolitik der FDP\/DVP-Fraktion, <strong>Klaus Hoher:<\/strong><\/p>\n<p>\u201eAuch wenn unsere W\u00e4lder in diesem Jahr aufgrund des k\u00fchlen und feuchten Fr\u00fchjahrs einmal aufatmen konnten, 46 Prozent sind stark gesch\u00e4digt. Dies ist umso fataler vor dem Hintergrund, dass der Wald das Klima gleich in doppelter Hinsicht sch\u00fctzt. Er speichert CO2 und liefert Holz. Durch dessen Nutzung l\u00e4sst sich CO2 \u00fcber lange Zeit dem atmosph\u00e4rischen Kreislauf entziehen. Daf\u00fcr m\u00fcssen wir auf eine nachhaltige Waldbewirtschaftung setzen. Mit der Bereitstellung von Holz tr\u00e4gt sie ma\u00dfgeblich zu einer Bio\u00f6konomie bei, die auf nachwachsenden Rohstoffen basiert.<\/p>\n<figure id=\"attachment_3215\" aria-describedby=\"caption-attachment-3215\" style=\"width: 1280px\" class=\"wp-caption aligncenter\"><a href=\"https:\/\/fdp-aktiv.de\/blog\/wp-content\/uploads\/2021\/11\/forest-3622519_1280.jpg\"><img loading=\"lazy\" decoding=\"async\" class=\"size-full wp-image-3215\" src=\"https:\/\/fdp-aktiv.de\/blog\/wp-content\/uploads\/2021\/11\/forest-3622519_1280.jpg\" alt=\"\" width=\"1280\" height=\"853\" srcset=\"https:\/\/fdp-aktiv.de\/blog\/wp-content\/uploads\/2021\/11\/forest-3622519_1280.jpg 1280w, https:\/\/fdp-aktiv.de\/blog\/wp-content\/uploads\/2021\/11\/forest-3622519_1280-300x200.jpg 300w, https:\/\/fdp-aktiv.de\/blog\/wp-content\/uploads\/2021\/11\/forest-3622519_1280-1024x682.jpg 1024w, https:\/\/fdp-aktiv.de\/blog\/wp-content\/uploads\/2021\/11\/forest-3622519_1280-768x512.jpg 768w\" sizes=\"auto, (max-width: 1280px) 100vw, 1280px\" \/><\/a><figcaption id=\"caption-attachment-3215\" class=\"wp-caption-text\">Bild von <a href=\"https:\/\/pixabay.com\/de\/users\/jplenio-7645255\/?utm_source=link-attribution&amp;utm_medium=referral&amp;utm_campaign=image&amp;utm_content=3622519\">jplenio<\/a> auf <a href=\"https:\/\/pixabay.com\/de\/?utm_source=link-attribution&amp;utm_medium=referral&amp;utm_campaign=image&amp;utm_content=3622519\">Pixabay<\/a><\/figcaption><\/figure>\n<p>Die Landesregierung aber verkennt die Bedeutung des Multitalents Wald und der Waldbewirtschaftung f\u00fcr den Klimaschutz komplett. Sie erl\u00e4sst als eines der waldreichsten Bundesl\u00e4nder nach Bayern ein Klimaschutzgesetz, dass dem Wald in keiner Weise Beachtung schenkt. Wir haben Gr\u00fcn-Schwarz deshalb noch vor Verabschiedung des Gesetzes dazu aufgefordert, dieses um eine Strategie zu erg\u00e4nzen, die die Klimaschutzpotenziale der Landnutzung, Landnutzungs\u00e4nderung und Forstwirtschaft erh\u00e4lt und st\u00e4rkt. Die Landesregierung hat unsere Forderungen abgelehnt. Sie ignoriert damit, dass wir zum Aufbau klimastabiler W\u00e4lder auch neue, nicht-heimische Baumarten brauchen. Geht es nach den Pl\u00e4nen von Gr\u00fcn-Schwarz, dann sollen nicht gebietsheimische Baumarten bei Neupflanzungen zum Waldaufbau nicht mehr als 25 Prozent einnehmen. Weitere 10 Prozent der Fl\u00e4che des Staatswalds sollen zudem unter Prozessschutz gestellt werden. Wer aber immer mehr Waldfl\u00e4chen aus der Nutzung nimmt, konterkariert den Klimaschutz. Ist ein Baum abgestorben und bleibt das Holz im Wald, wird ein Gro\u00dfteil des CO2 wieder an die Atmosph\u00e4re abgegeben.<\/p>\n<p>Den Wald als Klimasch\u00fctzer k\u00f6nnen wir nur erhalten, wenn wir erstens auf eine nachhaltige Waldbewirtschaftung sowie die Verwendung von Holz in Form von langlebigen Produkten setzen. Zweitens brauchen wir gezielte Ma\u00dfnahmen zur Wiederbewaldung von Schadfl\u00e4chen sowie zur verst\u00e4rkten Anpassung der W\u00e4lder an den Klimawandel im Rahmen eines klimarobusten Waldumbaus. Drittens m\u00fcssen wir die energetische Nutzung von Holz und anderer Biomasse st\u00e4rker f\u00f6rdern, wo dies nicht in Konkurrenz zur stofflichen Verwendung oder zur Nahrungsmittelerzeugung steht. Wir brauchen also endlich eine Klimapolitik, die nicht nur die Senkenleistung des Waldes, sondern auch die nachhaltige Waldbewirtschaftung und die Verwendung des regionalen nachwachsenden Rohstoffes Holz ber\u00fccksichtigt.\u201c<\/p>\n","protected":false},"excerpt":{"rendered":"<p>Unsere W\u00e4lder sch\u00fctzen das Klima in doppelter Hinsicht Anl\u00e4sslich der Ver\u00f6ffentlichung des aktuellen Waldzustandsberichts sagte der Sprecher f\u00fcr Wald- und Forstpolitik der FDP\/DVP-Fraktion, Klaus Hoher: \u201eAuch wenn unsere W\u00e4lder in [&#8230;]<\/p>\n","protected":false},"author":1,"featured_media":0,"comment_status":"open","ping_status":"closed","sticky":false,"template":"","format":"standard","meta":{"footnotes":""},"categories":[249],"tags":[650,1689,749,1688],"class_list":["post-3214","post","type-post","status-publish","format-standard","hentry","category-umwelt","tag-fdp-dvp","tag-klaus-hoher","tag-klimaschutz","tag-wald"],"_links":{"self":[{"href":"https:\/\/fdp-aktiv.de\/blog\/wp-json\/wp\/v2\/posts\/3214","targetHints":{"allow":["GET"]}}],"collection":[{"href":"https:\/\/fdp-aktiv.de\/blog\/wp-json\/wp\/v2\/posts"}],"about":[{"href":"https:\/\/fdp-aktiv.de\/blog\/wp-json\/wp\/v2\/types\/post"}],"author":[{"embeddable":true,"href":"https:\/\/fdp-aktiv.de\/blog\/wp-json\/wp\/v2\/users\/1"}],"replies":[{"embeddable":true,"href":"https:\/\/fdp-aktiv.de\/blog\/wp-json\/wp\/v2\/comments?post=3214"}],"version-history":[{"count":3,"href":"https:\/\/fdp-aktiv.de\/blog\/wp-json\/wp\/v2\/posts\/3214\/revisions"}],"predecessor-version":[{"id":3218,"href":"https:\/\/fdp-aktiv.de\/blog\/wp-json\/wp\/v2\/posts\/3214\/revisions\/3218"}],"wp:attachment":[{"href":"https:\/\/fdp-aktiv.de\/blog\/wp-json\/wp\/v2\/media?parent=3214"}],"wp:term":[{"taxonomy":"category","embeddable":true,"href":"https:\/\/fdp-aktiv.de\/blog\/wp-json\/wp\/v2\/categories?post=3214"},{"taxonomy":"post_tag","embeddable":true,"href":"https:\/\/fdp-aktiv.de\/blog\/wp-json\/wp\/v2\/tags?post=3214"}],"curies":[{"name":"wp","href":"https:\/\/api.w.org\/{rel}","templated":true}]}}