{"id":3219,"date":"2021-11-15T15:49:16","date_gmt":"2021-11-15T14:49:16","guid":{"rendered":"https:\/\/fdp-aktiv.de\/blog\/?p=3219"},"modified":"2021-11-15T15:49:16","modified_gmt":"2021-11-15T14:49:16","slug":"lambsdorff-neue-sanktionen-gegen-regime-in-minsk-sind-richtig","status":"publish","type":"post","link":"https:\/\/fdp-aktiv.de\/blog\/2021\/11\/15\/lambsdorff-neue-sanktionen-gegen-regime-in-minsk-sind-richtig\/","title":{"rendered":"LAMBSDORFF: Neue Sanktionen gegen Regime in Minsk sind richtig"},"content":{"rendered":"<div class=\"clearfix text-formatted field field--name-body field--type-text-with-summary field--label-hidden field__item\">\n<p>Zum EU-Au\u00dfenministertreffen erkl\u00e4rt der stellvertretende FDP-Fraktionsvorsitzende Alexander Graf Lambsdorff:<\/p>\n<figure id=\"attachment_1396\" aria-describedby=\"caption-attachment-1396\" style=\"width: 750px\" class=\"wp-caption aligncenter\"><a href=\"https:\/\/fdp-aktiv.de\/blog\/wp-content\/uploads\/2021\/05\/Alexander_Graf_Lambsdorff.jpg\"><img loading=\"lazy\" decoding=\"async\" class=\"size-full wp-image-1396\" src=\"https:\/\/fdp-aktiv.de\/blog\/wp-content\/uploads\/2021\/05\/Alexander_Graf_Lambsdorff.jpg\" alt=\"Alexander Graf Lambsdorff:\" width=\"750\" height=\"420\" srcset=\"https:\/\/fdp-aktiv.de\/blog\/wp-content\/uploads\/2021\/05\/Alexander_Graf_Lambsdorff.jpg 750w, https:\/\/fdp-aktiv.de\/blog\/wp-content\/uploads\/2021\/05\/Alexander_Graf_Lambsdorff-300x168.jpg 300w\" sizes=\"auto, (max-width: 750px) 100vw, 750px\" \/><\/a><figcaption id=\"caption-attachment-1396\" class=\"wp-caption-text\">Alexander Graf Lambsdorff<\/figcaption><\/figure>\n<p>\u201eDie Aggression des belarussischen Machthabers Lukaschenko richtet sich gegen Lettland, Litauen und Polen und damit gegen die Europ\u00e4ische Union als Ganzes. Es ist deswegen richtig, dass die EU-Au\u00dfenminister heute neue Sanktionen gegen das Regime in Minsk auf den Weg gebracht haben. Alle, die f\u00fcr das zynische Spiel mit menschlichen Schicksalen verantwortlich sind, m\u00fcssen wirtschaftlich dort getroffen werden, wo es weh tut. Auch der Ukraine sollte die Solidarit\u00e4t der europ\u00e4ischen Partner gelten, damit sie dem von Moskau unterst\u00fctzten Druck aus Belarus standhalten kann. F\u00fcr die in der K\u00e4lte ausharrenden Migranten ist am wichtigsten, dass humanit\u00e4re Hilfsorganisationen schnellstm\u00f6glich umfassenden Zugang zum Grenzgebiet bekommen. Es d\u00fcrfen keine weiteren Menschen ihr Leben verlieren. Langfristig ist eine solche Situation jedoch nur durch eine gemeinsame Asyl- und Au\u00dfenpolitik in der EU zu verhindern.\u201c<\/p>\n<\/div>\n","protected":false},"excerpt":{"rendered":"<p>Zum EU-Au\u00dfenministertreffen erkl\u00e4rt der stellvertretende FDP-Fraktionsvorsitzende Alexander Graf Lambsdorff: \u201eDie Aggression des belarussischen Machthabers Lukaschenko richtet sich gegen Lettland, Litauen und Polen und damit gegen die Europ\u00e4ische Union als Ganzes. [&#8230;]<\/p>\n","protected":false},"author":1,"featured_media":0,"comment_status":"open","ping_status":"closed","sticky":false,"template":"","format":"standard","meta":{"footnotes":""},"categories":[5],"tags":[179,1690,658,796],"class_list":["post-3219","post","type-post","status-publish","format-standard","hentry","category-aussenpolitik","tag-alexander-graf-lambsdorff","tag-aussenministertreffen","tag-eu","tag-lukaschenko"],"_links":{"self":[{"href":"https:\/\/fdp-aktiv.de\/blog\/wp-json\/wp\/v2\/posts\/3219","targetHints":{"allow":["GET"]}}],"collection":[{"href":"https:\/\/fdp-aktiv.de\/blog\/wp-json\/wp\/v2\/posts"}],"about":[{"href":"https:\/\/fdp-aktiv.de\/blog\/wp-json\/wp\/v2\/types\/post"}],"author":[{"embeddable":true,"href":"https:\/\/fdp-aktiv.de\/blog\/wp-json\/wp\/v2\/users\/1"}],"replies":[{"embeddable":true,"href":"https:\/\/fdp-aktiv.de\/blog\/wp-json\/wp\/v2\/comments?post=3219"}],"version-history":[{"count":1,"href":"https:\/\/fdp-aktiv.de\/blog\/wp-json\/wp\/v2\/posts\/3219\/revisions"}],"predecessor-version":[{"id":3220,"href":"https:\/\/fdp-aktiv.de\/blog\/wp-json\/wp\/v2\/posts\/3219\/revisions\/3220"}],"wp:attachment":[{"href":"https:\/\/fdp-aktiv.de\/blog\/wp-json\/wp\/v2\/media?parent=3219"}],"wp:term":[{"taxonomy":"category","embeddable":true,"href":"https:\/\/fdp-aktiv.de\/blog\/wp-json\/wp\/v2\/categories?post=3219"},{"taxonomy":"post_tag","embeddable":true,"href":"https:\/\/fdp-aktiv.de\/blog\/wp-json\/wp\/v2\/tags?post=3219"}],"curies":[{"name":"wp","href":"https:\/\/api.w.org\/{rel}","templated":true}]}}