{"id":3221,"date":"2021-11-15T15:51:45","date_gmt":"2021-11-15T14:51:45","guid":{"rendered":"https:\/\/fdp-aktiv.de\/blog\/?p=3221"},"modified":"2021-11-27T07:11:58","modified_gmt":"2021-11-27T06:11:58","slug":"fuer-mehr-klimaschutz-den-wald-modern-umbauen","status":"publish","type":"post","link":"https:\/\/fdp-aktiv.de\/blog\/2021\/11\/15\/fuer-mehr-klimaschutz-den-wald-modern-umbauen\/","title":{"rendered":"Sachsen-Anhalt: F\u00fcr mehr Klimaschutz den Wald modern umbauen"},"content":{"rendered":"<p><strong>Leistung des Waldes als CO2-Speicher f\u00fcr die Waldbauern verg\u00fcten \/ Standortangepasste Baumarten einbeziehen<\/strong><\/p>\n<p>Zum heute ver\u00f6ffentlichten Waldzustandsbericht f\u00fcr Sachsen-Anhalt sagte Kathrin Tarricone, umweltpolitische Sprecherin der FDP-Landtagsfraktion:<\/p>\n<figure id=\"attachment_2439\" aria-describedby=\"caption-attachment-2439\" style=\"width: 1920px\" class=\"wp-caption aligncenter\"><a href=\"https:\/\/fdp-aktiv.de\/blog\/wp-content\/uploads\/2021\/09\/forest-2179318_1920.jpg\"><img loading=\"lazy\" decoding=\"async\" class=\"size-full wp-image-2439\" src=\"https:\/\/fdp-aktiv.de\/blog\/wp-content\/uploads\/2021\/09\/forest-2179318_1920.jpg\" alt=\"Nadelwald - Pexels Pixabay\" width=\"1920\" height=\"1281\" srcset=\"https:\/\/fdp-aktiv.de\/blog\/wp-content\/uploads\/2021\/09\/forest-2179318_1920.jpg 1920w, https:\/\/fdp-aktiv.de\/blog\/wp-content\/uploads\/2021\/09\/forest-2179318_1920-300x200.jpg 300w, https:\/\/fdp-aktiv.de\/blog\/wp-content\/uploads\/2021\/09\/forest-2179318_1920-1024x683.jpg 1024w, https:\/\/fdp-aktiv.de\/blog\/wp-content\/uploads\/2021\/09\/forest-2179318_1920-768x512.jpg 768w, https:\/\/fdp-aktiv.de\/blog\/wp-content\/uploads\/2021\/09\/forest-2179318_1920-1536x1025.jpg 1536w\" sizes=\"auto, (max-width: 1920px) 100vw, 1920px\" \/><\/a><figcaption id=\"caption-attachment-2439\" class=\"wp-caption-text\">Nadelwald &#8211; Pexels Pixabay<\/figcaption><\/figure>\n<p>\u201eDer besorgniserregende Zustand gro\u00dfer Teile unserer W\u00e4lder verlangt dringend ein entschlossenes Handeln. Keinesfalls k\u00f6nnen wir den Wald sich selbst \u00fcberlassen, sondern m\u00fcssen ihn als wesentlichen Klimasch\u00fctzer durch modernen Umbau st\u00e4rken und seine vielf\u00e4ltigen Funktionen f\u00fcr \u00d6kologie, aber auch Wirtschaft und Naherholung f\u00fcr die Zukunft sichern. Beim aktiven Aufforsten sollten auch nicht-heimische H\u00f6lzer aus standortangepassten Baumarten gepflanzt werden d\u00fcrfen.<\/p>\n<p>Um Anreize f\u00fcr eine aktive Waldbewirtschaftung zu setzen, fordern wir als Freie Demokraten, die Leistung des Waldes als CO2-Speicher \u00fcber den Emissionshandel zu verg\u00fcten und den Wert des Waldes f\u00fcr den Klimaschutz den Waldbauern zu erstatten, um Anreize zu schaffen.\u201c<\/p>\n","protected":false},"excerpt":{"rendered":"<p>Leistung des Waldes als CO2-Speicher f\u00fcr die Waldbauern verg\u00fcten \/ Standortangepasste Baumarten einbeziehen Zum heute ver\u00f6ffentlichten Waldzustandsbericht f\u00fcr Sachsen-Anhalt sagte Kathrin Tarricone, umweltpolitische Sprecherin der FDP-Landtagsfraktion: \u201eDer besorgniserregende Zustand gro\u00dfer [&#8230;]<\/p>\n","protected":false},"author":1,"featured_media":0,"comment_status":"open","ping_status":"closed","sticky":false,"template":"","format":"standard","meta":{"footnotes":""},"categories":[249],"tags":[857,1691,1688,1693],"class_list":["post-3221","post","type-post","status-publish","format-standard","hentry","category-umwelt","tag-fdp-lsa","tag-kathrin-tarricone","tag-wald","tag-waldumbau"],"_links":{"self":[{"href":"https:\/\/fdp-aktiv.de\/blog\/wp-json\/wp\/v2\/posts\/3221","targetHints":{"allow":["GET"]}}],"collection":[{"href":"https:\/\/fdp-aktiv.de\/blog\/wp-json\/wp\/v2\/posts"}],"about":[{"href":"https:\/\/fdp-aktiv.de\/blog\/wp-json\/wp\/v2\/types\/post"}],"author":[{"embeddable":true,"href":"https:\/\/fdp-aktiv.de\/blog\/wp-json\/wp\/v2\/users\/1"}],"replies":[{"embeddable":true,"href":"https:\/\/fdp-aktiv.de\/blog\/wp-json\/wp\/v2\/comments?post=3221"}],"version-history":[{"count":3,"href":"https:\/\/fdp-aktiv.de\/blog\/wp-json\/wp\/v2\/posts\/3221\/revisions"}],"predecessor-version":[{"id":3366,"href":"https:\/\/fdp-aktiv.de\/blog\/wp-json\/wp\/v2\/posts\/3221\/revisions\/3366"}],"wp:attachment":[{"href":"https:\/\/fdp-aktiv.de\/blog\/wp-json\/wp\/v2\/media?parent=3221"}],"wp:term":[{"taxonomy":"category","embeddable":true,"href":"https:\/\/fdp-aktiv.de\/blog\/wp-json\/wp\/v2\/categories?post=3221"},{"taxonomy":"post_tag","embeddable":true,"href":"https:\/\/fdp-aktiv.de\/blog\/wp-json\/wp\/v2\/tags?post=3221"}],"curies":[{"name":"wp","href":"https:\/\/api.w.org\/{rel}","templated":true}]}}