{"id":3223,"date":"2021-11-15T15:54:06","date_gmt":"2021-11-15T14:54:06","guid":{"rendered":"https:\/\/fdp-aktiv.de\/blog\/?p=3223"},"modified":"2021-11-15T15:54:06","modified_gmt":"2021-11-15T14:54:06","slug":"baden-wuerttemberg-parlament-muss-dann-befasst-werden-wenn-land-ueber-infektionsschutzgesetz-des-bundes-hinausgehen-will","status":"publish","type":"post","link":"https:\/\/fdp-aktiv.de\/blog\/2021\/11\/15\/baden-wuerttemberg-parlament-muss-dann-befasst-werden-wenn-land-ueber-infektionsschutzgesetz-des-bundes-hinausgehen-will\/","title":{"rendered":"Baden-W\u00fcrttemberg:  Parlament muss dann befasst werden, wenn Land \u00fcber Infektionsschutzgesetz des Bundes hinausgehen will"},"content":{"rendered":"<p>Zur Forderung der SPD-Fraktion nach einer Sondersitzung des Landtags noch vor der Ministerpr\u00e4sidentenkonferenz am Donnerstag sagt der Vorsitzende der FDP\/DVP-Fraktion, <strong>Dr. Hans-Ulrich R\u00fclke:<\/strong><\/p>\n<figure id=\"attachment_1526\" aria-describedby=\"caption-attachment-1526\" style=\"width: 1030px\" class=\"wp-caption aligncenter\"><a href=\"https:\/\/fdp-aktiv.de\/blog\/wp-content\/uploads\/2021\/06\/Dr._Hans_Ulrich_Ruelke_FDP_BW.jpg\"><img loading=\"lazy\" decoding=\"async\" class=\"size-full wp-image-1526\" src=\"https:\/\/fdp-aktiv.de\/blog\/wp-content\/uploads\/2021\/06\/Dr._Hans_Ulrich_Ruelke_FDP_BW.jpg\" alt=\"Dr. Hans Ulrich R\u00fclke\" width=\"1030\" height=\"686\" srcset=\"https:\/\/fdp-aktiv.de\/blog\/wp-content\/uploads\/2021\/06\/Dr._Hans_Ulrich_Ruelke_FDP_BW.jpg 1030w, https:\/\/fdp-aktiv.de\/blog\/wp-content\/uploads\/2021\/06\/Dr._Hans_Ulrich_Ruelke_FDP_BW-300x200.jpg 300w, https:\/\/fdp-aktiv.de\/blog\/wp-content\/uploads\/2021\/06\/Dr._Hans_Ulrich_Ruelke_FDP_BW-1024x682.jpg 1024w, https:\/\/fdp-aktiv.de\/blog\/wp-content\/uploads\/2021\/06\/Dr._Hans_Ulrich_Ruelke_FDP_BW-768x512.jpg 768w\" sizes=\"auto, (max-width: 1030px) 100vw, 1030px\" \/><\/a><figcaption id=\"caption-attachment-1526\" class=\"wp-caption-text\">Dr. Hans Ulrich R\u00fclke<\/figcaption><\/figure>\n<p>\u201eSollte die Landesregierung im Sinne der L\u00e4nder\u00f6ffnungsklausel Ma\u00dfnahmen planen, die \u00fcber das Infektionsschutzgesetz der werdenden Ampel in Berlin hinausgehen (beispielsweise einen Lockdown f\u00fcr Ungeimpfte), so ist der Landtag damit zwingend zu befassen. F\u00fcr dieses Bekenntnis zum Parlamentarismus sind wir dankbar.<\/p>\n<p>Somit ist eine Sondersitzung des Landtags vor der Konferenz der Ministerpr\u00e4sidenten am Donnerstag unn\u00f6tig. L\u00e4nderspezifische Ma\u00dfnahmen m\u00fcssen k\u00fcnftig vor ihrer Umsetzung ohnehin ins Parlament.<\/p>\n<p>Wir sind \u00fcberdies dankbar daf\u00fcr, dass die k\u00fcnftige Bundesregierung Herrn Kretschmann nun den groben Unfug, den er in der Vergangenheit angerichtet hat, wirksam aus der Hand schl\u00e4gt. Zu nennen sind: Ausgangssperren f\u00fcr die gesamte Bev\u00f6lkerung einer Region, Sportverbot, Schlie\u00dfung des Handels oder von Teilen davon (Stichwort 800-Quadratmeter-Regel) sowie Schlie\u00dfung des Hotel- und Gastst\u00e4ttengewerbes.\u201c<\/p>\n<p>&nbsp;<\/p>\n","protected":false},"excerpt":{"rendered":"<p>Zur Forderung der SPD-Fraktion nach einer Sondersitzung des Landtags noch vor der Ministerpr\u00e4sidentenkonferenz am Donnerstag sagt der Vorsitzende der FDP\/DVP-Fraktion, Dr. Hans-Ulrich R\u00fclke: \u201eSollte die Landesregierung im Sinne der L\u00e4nder\u00f6ffnungsklausel [&#8230;]<\/p>\n","protected":false},"author":1,"featured_media":0,"comment_status":"open","ping_status":"closed","sticky":false,"template":"","format":"standard","meta":{"footnotes":""},"categories":[4],"tags":[842,650,572],"class_list":["post-3223","post","type-post","status-publish","format-standard","hentry","category-covid-19","tag-dr-hans-ulrich-ruelke","tag-fdp-dvp","tag-infektionsschutzgesetz"],"_links":{"self":[{"href":"https:\/\/fdp-aktiv.de\/blog\/wp-json\/wp\/v2\/posts\/3223","targetHints":{"allow":["GET"]}}],"collection":[{"href":"https:\/\/fdp-aktiv.de\/blog\/wp-json\/wp\/v2\/posts"}],"about":[{"href":"https:\/\/fdp-aktiv.de\/blog\/wp-json\/wp\/v2\/types\/post"}],"author":[{"embeddable":true,"href":"https:\/\/fdp-aktiv.de\/blog\/wp-json\/wp\/v2\/users\/1"}],"replies":[{"embeddable":true,"href":"https:\/\/fdp-aktiv.de\/blog\/wp-json\/wp\/v2\/comments?post=3223"}],"version-history":[{"count":1,"href":"https:\/\/fdp-aktiv.de\/blog\/wp-json\/wp\/v2\/posts\/3223\/revisions"}],"predecessor-version":[{"id":3224,"href":"https:\/\/fdp-aktiv.de\/blog\/wp-json\/wp\/v2\/posts\/3223\/revisions\/3224"}],"wp:attachment":[{"href":"https:\/\/fdp-aktiv.de\/blog\/wp-json\/wp\/v2\/media?parent=3223"}],"wp:term":[{"taxonomy":"category","embeddable":true,"href":"https:\/\/fdp-aktiv.de\/blog\/wp-json\/wp\/v2\/categories?post=3223"},{"taxonomy":"post_tag","embeddable":true,"href":"https:\/\/fdp-aktiv.de\/blog\/wp-json\/wp\/v2\/tags?post=3223"}],"curies":[{"name":"wp","href":"https:\/\/api.w.org\/{rel}","templated":true}]}}