{"id":3251,"date":"2021-11-17T13:56:01","date_gmt":"2021-11-17T12:56:01","guid":{"rendered":"https:\/\/fdp-aktiv.de\/blog\/?p=3251"},"modified":"2021-11-17T13:56:01","modified_gmt":"2021-11-17T12:56:01","slug":"statement-von-christian-grascha-zur-vorstellung-der-politischen-liste-der-grossen-koalition","status":"publish","type":"post","link":"https:\/\/fdp-aktiv.de\/blog\/2021\/11\/17\/statement-von-christian-grascha-zur-vorstellung-der-politischen-liste-der-grossen-koalition\/","title":{"rendered":"Statement von Christian Grascha zur Vorstellung der politischen Liste der Gro\u00dfen Koalition"},"content":{"rendered":"<div class=\"clearfix text-formatted field field--name-body field--type-text-with-summary field--label-hidden field__item\">\n<p>Die Fraktionen von CDU und SPD stellten am heutigen Dienstag ihre politische Liste f\u00fcr die Haushaltsberatungen vor. Dazu erkl\u00e4rt der haushaltspolitische Sprecher der FDP-Fraktion im Nieders\u00e4chsischen Landtag, Christian Grascha:<\/p>\n<p><a href=\"https:\/\/fdp-aktiv.de\/blog\/wp-content\/uploads\/2021\/07\/euro-870757_1920.jpg\"><img loading=\"lazy\" decoding=\"async\" class=\"aligncenter size-full wp-image-1993\" src=\"https:\/\/fdp-aktiv.de\/blog\/wp-content\/uploads\/2021\/07\/euro-870757_1920.jpg\" alt=\"Taschenrechner\" width=\"1920\" height=\"1280\" srcset=\"https:\/\/fdp-aktiv.de\/blog\/wp-content\/uploads\/2021\/07\/euro-870757_1920.jpg 1920w, https:\/\/fdp-aktiv.de\/blog\/wp-content\/uploads\/2021\/07\/euro-870757_1920-300x200.jpg 300w, https:\/\/fdp-aktiv.de\/blog\/wp-content\/uploads\/2021\/07\/euro-870757_1920-1024x683.jpg 1024w, https:\/\/fdp-aktiv.de\/blog\/wp-content\/uploads\/2021\/07\/euro-870757_1920-768x512.jpg 768w, https:\/\/fdp-aktiv.de\/blog\/wp-content\/uploads\/2021\/07\/euro-870757_1920-1536x1024.jpg 1536w\" sizes=\"auto, (max-width: 1920px) 100vw, 1920px\" \/><\/a><\/p>\n<p>\u201eDie Regierungsfraktionen von SPD und CDU haben heute deutlich h\u00f6rbar aufgeatmet angesichts der positiven Steuersch\u00e4tzung. Die lange Liste an willk\u00fcrlich aufgelisteten Einzelma\u00dfnahmen zeigt, dass das zus\u00e4tzliche Geld in der Kasse offenbar das Einzige ist, was die Gro\u00dfe Koalition noch zusammenh\u00e4lt. Statt kleinteilig ein Sammelsurium zu pr\u00e4sentieren, w\u00e4ren langfristige und kontinuierliche Investitionen \u00fcber die n\u00e4chsten 10 Jahre in \u00f6ffentliche Infrastruktur und \u00f6ffentliche Geb\u00e4ude n\u00f6tig. Wir Freie Demokraten setzen dabei nicht nur auf Staatsausgaben, wir wollen auch privates Kapital f\u00fcr diese Aufgabe mobilisieren, zum Beispiel in \u00d6ffentlich-Privaten Partnerschaften. Daf\u00fcr m\u00fcssten in den kommenden 10 Jahren bis zu 10 Milliarden Euro aufgebracht werden.\u201c<\/p>\n<\/div>\n","protected":false},"excerpt":{"rendered":"<p>Die Fraktionen von CDU und SPD stellten am heutigen Dienstag ihre politische Liste f\u00fcr die Haushaltsberatungen vor. Dazu erkl\u00e4rt der haushaltspolitische Sprecher der FDP-Fraktion im Nieders\u00e4chsischen Landtag, Christian Grascha: \u201eDie [&#8230;]<\/p>\n","protected":false},"author":1,"featured_media":0,"comment_status":"open","ping_status":"closed","sticky":false,"template":"","format":"standard","meta":{"footnotes":""},"categories":[55],"tags":[1625,638,1697],"class_list":["post-3251","post","type-post","status-publish","format-standard","hentry","category-finanzen","tag-christian-grascha","tag-fdp-nds","tag-staatsausgaben"],"_links":{"self":[{"href":"https:\/\/fdp-aktiv.de\/blog\/wp-json\/wp\/v2\/posts\/3251","targetHints":{"allow":["GET"]}}],"collection":[{"href":"https:\/\/fdp-aktiv.de\/blog\/wp-json\/wp\/v2\/posts"}],"about":[{"href":"https:\/\/fdp-aktiv.de\/blog\/wp-json\/wp\/v2\/types\/post"}],"author":[{"embeddable":true,"href":"https:\/\/fdp-aktiv.de\/blog\/wp-json\/wp\/v2\/users\/1"}],"replies":[{"embeddable":true,"href":"https:\/\/fdp-aktiv.de\/blog\/wp-json\/wp\/v2\/comments?post=3251"}],"version-history":[{"count":1,"href":"https:\/\/fdp-aktiv.de\/blog\/wp-json\/wp\/v2\/posts\/3251\/revisions"}],"predecessor-version":[{"id":3252,"href":"https:\/\/fdp-aktiv.de\/blog\/wp-json\/wp\/v2\/posts\/3251\/revisions\/3252"}],"wp:attachment":[{"href":"https:\/\/fdp-aktiv.de\/blog\/wp-json\/wp\/v2\/media?parent=3251"}],"wp:term":[{"taxonomy":"category","embeddable":true,"href":"https:\/\/fdp-aktiv.de\/blog\/wp-json\/wp\/v2\/categories?post=3251"},{"taxonomy":"post_tag","embeddable":true,"href":"https:\/\/fdp-aktiv.de\/blog\/wp-json\/wp\/v2\/tags?post=3251"}],"curies":[{"name":"wp","href":"https:\/\/api.w.org\/{rel}","templated":true}]}}