{"id":3346,"date":"2021-11-25T21:57:53","date_gmt":"2021-11-25T20:57:53","guid":{"rendered":"https:\/\/fdp-aktiv.de\/blog\/?p=3346"},"modified":"2021-11-25T22:00:36","modified_gmt":"2021-11-25T21:00:36","slug":"aschenberg-dugnus-corona-tote-sollten-eine-mahnung-sein","status":"publish","type":"post","link":"https:\/\/fdp-aktiv.de\/blog\/2021\/11\/25\/aschenberg-dugnus-corona-tote-sollten-eine-mahnung-sein\/","title":{"rendered":"ASCHENBERG-DUGNUS: Corona-Tote sollten eine Mahnung sein"},"content":{"rendered":"<p>Zur Zahl der Corona-Toten in Deutschland erkl\u00e4rt die gesundheitspolitische Sprecherin der FDP-Fraktion Christine Aschenberg-Dugnus:<\/p>\n<figure id=\"attachment_2287\" aria-describedby=\"caption-attachment-2287\" style=\"width: 1920px\" class=\"wp-caption aligncenter\"><a href=\"https:\/\/fdp-aktiv.de\/blog\/wp-content\/uploads\/2021\/08\/Covid.png\"><img loading=\"lazy\" decoding=\"async\" class=\"size-full wp-image-2287\" src=\"https:\/\/fdp-aktiv.de\/blog\/wp-content\/uploads\/2021\/08\/Covid.png\" alt=\"Covid-19\" width=\"1920\" height=\"1032\" srcset=\"https:\/\/fdp-aktiv.de\/blog\/wp-content\/uploads\/2021\/08\/Covid.png 1920w, https:\/\/fdp-aktiv.de\/blog\/wp-content\/uploads\/2021\/08\/Covid-300x161.png 300w, https:\/\/fdp-aktiv.de\/blog\/wp-content\/uploads\/2021\/08\/Covid-1024x550.png 1024w, https:\/\/fdp-aktiv.de\/blog\/wp-content\/uploads\/2021\/08\/Covid-768x413.png 768w, https:\/\/fdp-aktiv.de\/blog\/wp-content\/uploads\/2021\/08\/Covid-1536x826.png 1536w\" sizes=\"auto, (max-width: 1920px) 100vw, 1920px\" \/><\/a><figcaption id=\"caption-attachment-2287\" class=\"wp-caption-text\">Bild von <a href=\"https:\/\/pixabay.com\/de\/users\/thedigitalartist-202249\/?utm_source=link-attribution&amp;utm_medium=referral&amp;utm_campaign=image&amp;utm_content=4960254\">Pete Linforth<\/a> auf <a href=\"https:\/\/pixabay.com\/de\/?utm_source=link-attribution&amp;utm_medium=referral&amp;utm_campaign=image&amp;utm_content=4960254\">Pixabay<\/a><\/figcaption><\/figure>\n<p>\u201eEs macht tief betroffen, dass bereits \u00fcber 100 000 Menschen in Deutschland an oder mit Corona verstorben sind. Unsere Gedanken sind in dieser Zeit bei den vielen Angeh\u00f6rigen, die einen geliebten Menschen verloren haben. Die Zahl sollte eine Mahnung sein, sich schnell impfen und boostern zu lassen. Bund und L\u00e4nder m\u00fcssen die Impf- und Boosterangebote jetzt massiv ausweiten. Jeder, der medizinisch vertretbar impfen kann, sollte es d\u00fcrfen. Das muss oberste Priorit\u00e4t haben. Denn eine Impfung ist der beste Schutz vor einer Ansteckung und einem schweren Verlauf. Sie ist auch der Weg aus der Pandemie. Daher bitten wir alle B\u00fcrgerinnen und B\u00fcrger, sich aufkl\u00e4ren, impfen und boostern zu lassen.\u201c<\/p>\n<p>&nbsp;<\/p>\n<p>&nbsp;<\/p>\n","protected":false},"excerpt":{"rendered":"<p>Zur Zahl der Corona-Toten in Deutschland erkl\u00e4rt die gesundheitspolitische Sprecherin der FDP-Fraktion Christine Aschenberg-Dugnus: \u201eEs macht tief betroffen, dass bereits \u00fcber 100 000 Menschen in Deutschland an oder mit Corona [&#8230;]<\/p>\n","protected":false},"author":1,"featured_media":0,"comment_status":"open","ping_status":"closed","sticky":false,"template":"","format":"standard","meta":{"footnotes":""},"categories":[4],"tags":[540,10],"class_list":["post-3346","post","type-post","status-publish","format-standard","hentry","category-covid-19","tag-christine-aschenberg-dugnus","tag-covid"],"_links":{"self":[{"href":"https:\/\/fdp-aktiv.de\/blog\/wp-json\/wp\/v2\/posts\/3346","targetHints":{"allow":["GET"]}}],"collection":[{"href":"https:\/\/fdp-aktiv.de\/blog\/wp-json\/wp\/v2\/posts"}],"about":[{"href":"https:\/\/fdp-aktiv.de\/blog\/wp-json\/wp\/v2\/types\/post"}],"author":[{"embeddable":true,"href":"https:\/\/fdp-aktiv.de\/blog\/wp-json\/wp\/v2\/users\/1"}],"replies":[{"embeddable":true,"href":"https:\/\/fdp-aktiv.de\/blog\/wp-json\/wp\/v2\/comments?post=3346"}],"version-history":[{"count":3,"href":"https:\/\/fdp-aktiv.de\/blog\/wp-json\/wp\/v2\/posts\/3346\/revisions"}],"predecessor-version":[{"id":3349,"href":"https:\/\/fdp-aktiv.de\/blog\/wp-json\/wp\/v2\/posts\/3346\/revisions\/3349"}],"wp:attachment":[{"href":"https:\/\/fdp-aktiv.de\/blog\/wp-json\/wp\/v2\/media?parent=3346"}],"wp:term":[{"taxonomy":"category","embeddable":true,"href":"https:\/\/fdp-aktiv.de\/blog\/wp-json\/wp\/v2\/categories?post=3346"},{"taxonomy":"post_tag","embeddable":true,"href":"https:\/\/fdp-aktiv.de\/blog\/wp-json\/wp\/v2\/tags?post=3346"}],"curies":[{"name":"wp","href":"https:\/\/api.w.org\/{rel}","templated":true}]}}