{"id":3380,"date":"2021-11-29T15:04:46","date_gmt":"2021-11-29T14:04:46","guid":{"rendered":"https:\/\/fdp-aktiv.de\/blog\/?p=3380"},"modified":"2021-11-29T15:04:46","modified_gmt":"2021-11-29T14:04:46","slug":"aschenberg-dugnus-impf-und-boosterkampagne-massiv-vorantreiben","status":"publish","type":"post","link":"https:\/\/fdp-aktiv.de\/blog\/2021\/11\/29\/aschenberg-dugnus-impf-und-boosterkampagne-massiv-vorantreiben\/","title":{"rendered":"ASCHENBERG-DUGNUS: Impf- und Boosterkampagne massiv vorantreiben"},"content":{"rendered":"<div class=\"clearfix text-formatted field field--name-body field--type-text-with-summary field--label-hidden field__item\">\n<p>Zur Debatte \u00fcber die Corona-Ma\u00dfnahmen erkl\u00e4rt die gesundheitspolitische Sprecherin der FDP-Fraktion Christine Aschenberg-Dugnus:<\/p>\n<figure id=\"attachment_3381\" aria-describedby=\"caption-attachment-3381\" style=\"width: 1280px\" class=\"wp-caption aligncenter\"><a href=\"https:\/\/fdp-aktiv.de\/blog\/wp-content\/uploads\/2021\/11\/vaccination-6105933_1280.jpg\"><img loading=\"lazy\" decoding=\"async\" class=\"size-full wp-image-3381\" src=\"https:\/\/fdp-aktiv.de\/blog\/wp-content\/uploads\/2021\/11\/vaccination-6105933_1280.jpg\" alt=\"\" width=\"1280\" height=\"720\" srcset=\"https:\/\/fdp-aktiv.de\/blog\/wp-content\/uploads\/2021\/11\/vaccination-6105933_1280.jpg 1280w, https:\/\/fdp-aktiv.de\/blog\/wp-content\/uploads\/2021\/11\/vaccination-6105933_1280-300x169.jpg 300w, https:\/\/fdp-aktiv.de\/blog\/wp-content\/uploads\/2021\/11\/vaccination-6105933_1280-1024x576.jpg 1024w, https:\/\/fdp-aktiv.de\/blog\/wp-content\/uploads\/2021\/11\/vaccination-6105933_1280-768x432.jpg 768w\" sizes=\"auto, (max-width: 1280px) 100vw, 1280px\" \/><\/a><figcaption id=\"caption-attachment-3381\" class=\"wp-caption-text\">Bild von <a href=\"https:\/\/pixabay.com\/de\/users\/candyandi-20752697\/?utm_source=link-attribution&amp;utm_medium=referral&amp;utm_campaign=image&amp;utm_content=6105933\">candyandi<\/a> auf <a href=\"https:\/\/pixabay.com\/de\/?utm_source=link-attribution&amp;utm_medium=referral&amp;utm_campaign=image&amp;utm_content=6105933\">Pixabay<\/a><\/figcaption><\/figure>\n<p>\u201eDie derzeitige Corona-Lage ist \u00e4u\u00dferst besorgniserregend. Das gilt auch mit Blick auf die Virusvariante Omikron, die bereits in Deutschland angekommen ist. Wir d\u00fcrfen allerdings nicht in Panik verfallen, sondern m\u00fcssen die Impf- und Boosterkampagne massiv vorantreiben. Daf\u00fcr sollte in dieser Notsituation jeder, der medizinisch vertretbar impfen kann, dies auch d\u00fcrfen und tun. Und wir m\u00fcssen die Impfstoffversorgung jederzeit sicherstellen. Wenn wir die Impfl\u00fccke schnell verkleinern oder gar schlie\u00dfen, k\u00f6nnen wir die vierte Welle noch einbremsen. Wir appellieren daher an alle B\u00fcrgerinnen und B\u00fcrger, sich impfen und boostern zu lassen und ihre allt\u00e4glichen Kontakte auf ein Minimum zu reduzieren. Gleichzeitig sollten die L\u00e4nder den neuen Instrumentenkasten zur Pandemiebek\u00e4mpfung voll aussch\u00f6pfen. Wir haben es selbst in der Hand, Corona effektiv zu bek\u00e4mpfen. Wir sollten keine Zeit mehr verlieren.\u201c<\/p>\n<\/div>\n","protected":false},"excerpt":{"rendered":"<p>Zur Debatte \u00fcber die Corona-Ma\u00dfnahmen erkl\u00e4rt die gesundheitspolitische Sprecherin der FDP-Fraktion Christine Aschenberg-Dugnus: \u201eDie derzeitige Corona-Lage ist \u00e4u\u00dferst besorgniserregend. Das gilt auch mit Blick auf die Virusvariante Omikron, die bereits [&#8230;]<\/p>\n","protected":false},"author":1,"featured_media":0,"comment_status":"open","ping_status":"closed","sticky":false,"template":"","format":"standard","meta":{"footnotes":""},"categories":[4],"tags":[],"class_list":["post-3380","post","type-post","status-publish","format-standard","hentry","category-covid-19"],"_links":{"self":[{"href":"https:\/\/fdp-aktiv.de\/blog\/wp-json\/wp\/v2\/posts\/3380","targetHints":{"allow":["GET"]}}],"collection":[{"href":"https:\/\/fdp-aktiv.de\/blog\/wp-json\/wp\/v2\/posts"}],"about":[{"href":"https:\/\/fdp-aktiv.de\/blog\/wp-json\/wp\/v2\/types\/post"}],"author":[{"embeddable":true,"href":"https:\/\/fdp-aktiv.de\/blog\/wp-json\/wp\/v2\/users\/1"}],"replies":[{"embeddable":true,"href":"https:\/\/fdp-aktiv.de\/blog\/wp-json\/wp\/v2\/comments?post=3380"}],"version-history":[{"count":1,"href":"https:\/\/fdp-aktiv.de\/blog\/wp-json\/wp\/v2\/posts\/3380\/revisions"}],"predecessor-version":[{"id":3382,"href":"https:\/\/fdp-aktiv.de\/blog\/wp-json\/wp\/v2\/posts\/3380\/revisions\/3382"}],"wp:attachment":[{"href":"https:\/\/fdp-aktiv.de\/blog\/wp-json\/wp\/v2\/media?parent=3380"}],"wp:term":[{"taxonomy":"category","embeddable":true,"href":"https:\/\/fdp-aktiv.de\/blog\/wp-json\/wp\/v2\/categories?post=3380"},{"taxonomy":"post_tag","embeddable":true,"href":"https:\/\/fdp-aktiv.de\/blog\/wp-json\/wp\/v2\/tags?post=3380"}],"curies":[{"name":"wp","href":"https:\/\/api.w.org\/{rel}","templated":true}]}}