{"id":3383,"date":"2021-11-29T15:12:00","date_gmt":"2021-11-29T14:12:00","guid":{"rendered":"https:\/\/fdp-aktiv.de\/blog\/?p=3383"},"modified":"2023-02-18T06:28:02","modified_gmt":"2023-02-18T05:28:02","slug":"baden-wuerttemberg-ampel-plaene-dienen-als-massstab-fuer-digitalisierung-im-land","status":"publish","type":"post","link":"https:\/\/fdp-aktiv.de\/blog\/2021\/11\/29\/baden-wuerttemberg-ampel-plaene-dienen-als-massstab-fuer-digitalisierung-im-land\/","title":{"rendered":"Baden-W\u00fcrttemberg: Ampel-Pl\u00e4ne dienen als Ma\u00dfstab f\u00fcr Digitalisierung im Land"},"content":{"rendered":"<p><strong>Karrais: Ampel-Pl\u00e4ne dienen als Ma\u00dfstab f\u00fcr Digitalisierung im Land<\/p>\n<p><\/strong><\/p>\n<p>Ambitionslosigkeit von Gr\u00fcn-Schwarz wird im Vergleich zu Ampel deutlich<\/p>\n<p>Zum Zustand der Digitalisierung in Baden-W\u00fcrttemberg und mangelnder Unterst\u00fctzung der Kommunen durch das Land, sagt der digitalisierungspolitische Sprecher der FDP\/DVP-Fraktion, <strong>Daniel Karrais<\/strong>:<\/p>\n<p><a href=\"https:\/\/fdp-aktiv.de\/blog\/wp-content\/uploads\/2021\/10\/Ampel1.png\"><img loading=\"lazy\" decoding=\"async\" class=\"aligncenter  wp-image-2936\" src=\"https:\/\/fdp-aktiv.de\/blog\/wp-content\/uploads\/2021\/10\/Ampel1.png\" alt=\"\" width=\"351\" height=\"527\" srcset=\"https:\/\/fdp-aktiv.de\/blog\/wp-content\/uploads\/2021\/10\/Ampel1.png 1280w, https:\/\/fdp-aktiv.de\/blog\/wp-content\/uploads\/2021\/10\/Ampel1-200x300.png 200w, https:\/\/fdp-aktiv.de\/blog\/wp-content\/uploads\/2021\/10\/Ampel1-683x1024.png 683w, https:\/\/fdp-aktiv.de\/blog\/wp-content\/uploads\/2021\/10\/Ampel1-768x1152.png 768w, https:\/\/fdp-aktiv.de\/blog\/wp-content\/uploads\/2021\/10\/Ampel1-1024x1536.png 1024w\" sizes=\"auto, (max-width: 351px) 100vw, 351px\" \/><\/a><\/p>\n<p>\u201eDie Digitalisierung im Land ist weiterhin in keinem guten Zustand. Was alles m\u00f6glich w\u00e4re, zeigt ein Vergleich mit dem neuen Koalitionsvertrag im Bund. Beim Ausbau der digitalen Infrastruktur leitet die \u201aAmpel\u2018-Koalition im Bund einen Paradigmenwechsel ein. Endlich gibt es ein klares Fl\u00e4chenziel f\u00fcr die Verbreitung des neuesten Mobilfunkstandards. Damit wird die bisherige Beschr\u00e4nkung auf erreichbare Haushalte abgeschafft. Im Gegensatz zur Landesregierung legt der Bund auch beim Breitbandausbau vor: Das Ziel ist echte Glasfaser bis in die Wohnung (FTTH), statt wie Minister Strobl \u201agigabitf\u00e4higes Internet\u2018, das etwa \u00fcber TV-Kabel transportiert wird, als ausreichend anzusehen. Dieser Ausbau geht zudem noch deutlich zu langsam voran, da die Bewilligungen von F\u00f6rderbescheiden nur tr\u00f6pfchenweise kommt und Alternativen stiefm\u00fctterlich behandelt werden. An einer Gutscheinl\u00f6sung, durch die die Nachfrage nach echten Glasfaseranschl\u00fcssen angekurbelt werden k\u00f6nnte, doktert die Landesregierung schon seit zwei Jahren herum, ohne in der Umsetzung voran zu kommen. Die Koalition\u00e4re haben einen Glasfaser-Voucher nun angek\u00fcndigt.<\/p>\n<p>Eine digitale Verwaltung ist essentieller Grundstein f\u00fcr den B\u00fcrokratieabbau und die Beschleunigung der Planungsprozesse. Die Verantwortung zur Umsetzung des Online-Zugangs-Gesetzes (OZG) und Digitalisierung der Verwaltung, wird durch die Landesregierung unverhohlen auf die Kommunen abgew\u00e4lzt. Dabei kommt dem Land eine entscheidende Rolle dabei zu, Standards zu schaffen. Es gibt viele Kommunen, die durch gute Projekte zur Digitalisierung im Land beitragen. Was aber entscheidend fehlt, ist eine einheitliche Koordinierung im Land und Unterst\u00fctzung f\u00fcr kleine Kommunen, damit bereits bestehende L\u00f6sungen sich schnell in der Breite entfalten k\u00f6nnen. Die Vorgaben des OZG bis Ende 2022 alle Verwaltungsleistungen zu digitalisieren wird nicht eingehalten werden k\u00f6nnen. Was im Bund falsch aufgesetzt wurde, hat man im Land nur halbherzig weiterverfolgt. Jetzt gibt es die berechtigte Hoffnung, dass der Bund nachsteuert und eine klare Standardisierung und Vereinheitlichung von IT-Verfahren f\u00fcr die Verwaltungsleistungen schafft, und es den Kommunen erm\u00f6glicht wird Verfahren einfach zu \u00fcbernehmen. Minister Strobl muss sich ein Beispiel an den Pl\u00e4nen der Ampel nehmen. Der Ruf der kommunalen Spitzenverb\u00e4nde nach mehr Digitalisierung unterstreicht die Ambitionslosigkeit von Gr\u00fcn-Schwarz. Die FDP in der Regierung im Bund macht den entscheidenden Unterschied bei der Digitalisierung.\u201c<\/p>\n<p>&nbsp;<\/p>\n","protected":false},"excerpt":{"rendered":"<p>Karrais: Ampel-Pl\u00e4ne dienen als Ma\u00dfstab f\u00fcr Digitalisierung im Land Ambitionslosigkeit von Gr\u00fcn-Schwarz wird im Vergleich zu Ampel deutlich Zum Zustand der Digitalisierung in Baden-W\u00fcrttemberg und mangelnder Unterst\u00fctzung der Kommunen durch [&#8230;]<\/p>\n","protected":false},"author":1,"featured_media":0,"comment_status":"open","ping_status":"closed","sticky":false,"template":"","format":"standard","meta":{"footnotes":""},"categories":[8],"tags":[651,155,650,878],"class_list":["post-3383","post","type-post","status-publish","format-standard","hentry","category-wirtschaft","tag-daniel-karrais","tag-digitalisierung","tag-fdp-dvp","tag-kommunen"],"_links":{"self":[{"href":"https:\/\/fdp-aktiv.de\/blog\/wp-json\/wp\/v2\/posts\/3383","targetHints":{"allow":["GET"]}}],"collection":[{"href":"https:\/\/fdp-aktiv.de\/blog\/wp-json\/wp\/v2\/posts"}],"about":[{"href":"https:\/\/fdp-aktiv.de\/blog\/wp-json\/wp\/v2\/types\/post"}],"author":[{"embeddable":true,"href":"https:\/\/fdp-aktiv.de\/blog\/wp-json\/wp\/v2\/users\/1"}],"replies":[{"embeddable":true,"href":"https:\/\/fdp-aktiv.de\/blog\/wp-json\/wp\/v2\/comments?post=3383"}],"version-history":[{"count":1,"href":"https:\/\/fdp-aktiv.de\/blog\/wp-json\/wp\/v2\/posts\/3383\/revisions"}],"predecessor-version":[{"id":3384,"href":"https:\/\/fdp-aktiv.de\/blog\/wp-json\/wp\/v2\/posts\/3383\/revisions\/3384"}],"wp:attachment":[{"href":"https:\/\/fdp-aktiv.de\/blog\/wp-json\/wp\/v2\/media?parent=3383"}],"wp:term":[{"taxonomy":"category","embeddable":true,"href":"https:\/\/fdp-aktiv.de\/blog\/wp-json\/wp\/v2\/categories?post=3383"},{"taxonomy":"post_tag","embeddable":true,"href":"https:\/\/fdp-aktiv.de\/blog\/wp-json\/wp\/v2\/tags?post=3383"}],"curies":[{"name":"wp","href":"https:\/\/api.w.org\/{rel}","templated":true}]}}