{"id":3421,"date":"2021-12-03T13:38:49","date_gmt":"2021-12-03T12:38:49","guid":{"rendered":"https:\/\/fdp-aktiv.de\/blog\/?p=3421"},"modified":"2021-12-03T13:38:49","modified_gmt":"2021-12-03T12:38:49","slug":"statement-stefan-birkner-zur-ankuendigung-geboosterte-personen-von-der-2g-plus-regel-auszunehmen","status":"publish","type":"post","link":"https:\/\/fdp-aktiv.de\/blog\/2021\/12\/03\/statement-stefan-birkner-zur-ankuendigung-geboosterte-personen-von-der-2g-plus-regel-auszunehmen\/","title":{"rendered":"Statement Stefan Birkner zur Ank\u00fcndigung, geboosterte Personen von der 2G-Plus-Regel auszunehmen"},"content":{"rendered":"<div class=\"clearfix text-formatted field field--name-body field--type-text-with-summary field--label-hidden field__item\">\n<p>Die Sprecherin der Staatskanzlei forderte w\u00e4hrend der heutigen Landespressekonferenz das Sozialministerium auf, per Pressemitteilung eine \u201eDuldung\u201c auszusprechen, damit Personen mit Booster-Impfung bis zum Inkrafttreten der n\u00e4chsten Corona-Verordnung von den 2G-Plus-Tests ausgenommen werden. Dazu erkl\u00e4rt der Fraktionsvorsitzende der FDP im Nieders\u00e4chsischen Landtag, Stefan Birkner:<\/p>\n<figure id=\"attachment_1399\" aria-describedby=\"caption-attachment-1399\" style=\"width: 750px\" class=\"wp-caption aligncenter\"><a href=\"https:\/\/fdp-aktiv.de\/blog\/wp-content\/uploads\/2021\/05\/Birkner_750x422_1-603.png\"><img loading=\"lazy\" decoding=\"async\" class=\"size-full wp-image-1399\" src=\"https:\/\/fdp-aktiv.de\/blog\/wp-content\/uploads\/2021\/05\/Birkner_750x422_1-603.png\" alt=\"Stefan Birkner Fraktionsvorsitzender\" width=\"750\" height=\"422\" srcset=\"https:\/\/fdp-aktiv.de\/blog\/wp-content\/uploads\/2021\/05\/Birkner_750x422_1-603.png 750w, https:\/\/fdp-aktiv.de\/blog\/wp-content\/uploads\/2021\/05\/Birkner_750x422_1-603-300x169.png 300w\" sizes=\"auto, (max-width: 750px) 100vw, 750px\" \/><\/a><figcaption id=\"caption-attachment-1399\" class=\"wp-caption-text\">Stefan Birkner<br \/>Fraktionsvorsitzender<\/figcaption><\/figure>\n<p>\u201eKurz nachdem fl\u00e4chendeckend die 2G-Plus-Regelung in Kraft getreten ist, versucht die Landesregierung, die entstandenen Probleme mit einer erkl\u00e4rten \u201eDuldung\u201c per Pressemitteilung einzufangen und Personen mit Booster-Impfung wieder von den zus\u00e4tzlichen Tests zu befreien, noch bevor diese neue Regelung es in eine Verordnung schafft. Wieder einmal wird klar, dass die Landesregierung die Dinge nicht durchdenkt, bevor sie angeordnet werden. Wieder einmal wird versucht, Rechtsetzung per Pressemitteilung zu betreiben. Wieder einmal dokumentiert das Hin und Her die offensichtliche \u00dcberforderung der Landesregierung in dieser Situation. Den Preis f\u00fcr die geschaffene Unsicherheit zahlen die B\u00fcrger und die Gewerbetreibenden.\u201c<\/p>\n<\/div>\n","protected":false},"excerpt":{"rendered":"<p>Die Sprecherin der Staatskanzlei forderte w\u00e4hrend der heutigen Landespressekonferenz das Sozialministerium auf, per Pressemitteilung eine \u201eDuldung\u201c auszusprechen, damit Personen mit Booster-Impfung bis zum Inkrafttreten der n\u00e4chsten Corona-Verordnung von den 2G-Plus-Tests [&#8230;]<\/p>\n","protected":false},"author":1,"featured_media":0,"comment_status":"open","ping_status":"closed","sticky":false,"template":"","format":"standard","meta":{"footnotes":""},"categories":[4,8],"tags":[1482,638,913],"class_list":["post-3421","post","type-post","status-publish","format-standard","hentry","category-covid-19","category-wirtschaft","tag-2g","tag-fdp-nds","tag-stefan-birkner"],"_links":{"self":[{"href":"https:\/\/fdp-aktiv.de\/blog\/wp-json\/wp\/v2\/posts\/3421","targetHints":{"allow":["GET"]}}],"collection":[{"href":"https:\/\/fdp-aktiv.de\/blog\/wp-json\/wp\/v2\/posts"}],"about":[{"href":"https:\/\/fdp-aktiv.de\/blog\/wp-json\/wp\/v2\/types\/post"}],"author":[{"embeddable":true,"href":"https:\/\/fdp-aktiv.de\/blog\/wp-json\/wp\/v2\/users\/1"}],"replies":[{"embeddable":true,"href":"https:\/\/fdp-aktiv.de\/blog\/wp-json\/wp\/v2\/comments?post=3421"}],"version-history":[{"count":1,"href":"https:\/\/fdp-aktiv.de\/blog\/wp-json\/wp\/v2\/posts\/3421\/revisions"}],"predecessor-version":[{"id":3422,"href":"https:\/\/fdp-aktiv.de\/blog\/wp-json\/wp\/v2\/posts\/3421\/revisions\/3422"}],"wp:attachment":[{"href":"https:\/\/fdp-aktiv.de\/blog\/wp-json\/wp\/v2\/media?parent=3421"}],"wp:term":[{"taxonomy":"category","embeddable":true,"href":"https:\/\/fdp-aktiv.de\/blog\/wp-json\/wp\/v2\/categories?post=3421"},{"taxonomy":"post_tag","embeddable":true,"href":"https:\/\/fdp-aktiv.de\/blog\/wp-json\/wp\/v2\/tags?post=3421"}],"curies":[{"name":"wp","href":"https:\/\/api.w.org\/{rel}","templated":true}]}}