{"id":3583,"date":"2021-12-15T05:50:05","date_gmt":"2021-12-15T04:50:05","guid":{"rendered":"https:\/\/fdp-aktiv.de\/blog\/?p=3583"},"modified":"2021-12-15T05:50:05","modified_gmt":"2021-12-15T04:50:05","slug":"hessen-reform-der-lehrkraefteausbildung-ist-ueberfaellig","status":"publish","type":"post","link":"https:\/\/fdp-aktiv.de\/blog\/2021\/12\/15\/hessen-reform-der-lehrkraefteausbildung-ist-ueberfaellig\/","title":{"rendered":"Hessen: Reform der Lehrkr\u00e4fteausbildung ist \u00fcberf\u00e4llig"},"content":{"rendered":"<div class=\"clearfix text-formatted field field--name-body field--type-text-with-summary field--label-hidden field__item\">\n<ul>\n<li><strong>Lehrkr\u00e4fte brauchen zeitgem\u00e4\u00dfe Aus-, Fort- und Weiterbildung<\/strong><\/li>\n<li><strong>Freie Demokraten sehen im Gesetzentwurf der Landesregierung noch viele offene Fragen<\/strong><\/li>\n<li><strong>Verl\u00e4ngerung der Regelstudienzeit w\u00fcrde Grundschullehramt aufwerten<\/strong><\/li>\n<\/ul>\n<p>WIESBADEN \u2013 \u201eDer Ansatz geht in die richtige Richtung, aber wichtige Grundsatzentscheidungen fehlen und im Detail sind noch viele Fragen zu kl\u00e4ren\u201c\u00a0&#8211; mit diesen Worten kommentiert Moritz PROMNY, bildungspolitischer Sprecher der Freien Demokraten im Hessischen Landtag, den von der Landesregierung vorgelegten Gesetzentwurf zur Reform der Lehrkr\u00e4fteausbildung, der heute im Plenum des Landtags beraten wird. \u201eDieser Entwurf war lang angek\u00fcndigt und ist \u00fcberf\u00e4llig, denn in zeitgem\u00e4\u00dfen Arbeitsbedingungen, zu denen auch die Aus-, Fort- und Weiterbildung geh\u00f6ren, zeigt sich der Respekt vor Lehrerinnen und Lehrern, ohne die wiederum Bildung nicht funktioniert\u201c, erkl\u00e4rt Promny. Redaktionelle \u00c4nderungen zur Abschaffung nicht mehr zeitgem\u00e4\u00dfer Begriffe h\u00e4tten l\u00e4ngst vorgenommen werden k\u00f6nnen. \u201eHier waren Forschung und Praxis Schwarz-Gr\u00fcn wieder mal um Jahre voraus.\u201c<\/p>\n<figure id=\"attachment_3430\" aria-describedby=\"caption-attachment-3430\" style=\"width: 1280px\" class=\"wp-caption aligncenter\"><a href=\"https:\/\/fdp-aktiv.de\/blog\/wp-content\/uploads\/2021\/12\/teacher-3765909_1280.jpg\"><img loading=\"lazy\" decoding=\"async\" class=\"size-full wp-image-3430\" src=\"https:\/\/fdp-aktiv.de\/blog\/wp-content\/uploads\/2021\/12\/teacher-3765909_1280.jpg\" alt=\"\" width=\"1280\" height=\"854\" srcset=\"https:\/\/fdp-aktiv.de\/blog\/wp-content\/uploads\/2021\/12\/teacher-3765909_1280.jpg 1280w, https:\/\/fdp-aktiv.de\/blog\/wp-content\/uploads\/2021\/12\/teacher-3765909_1280-300x200.jpg 300w, https:\/\/fdp-aktiv.de\/blog\/wp-content\/uploads\/2021\/12\/teacher-3765909_1280-1024x683.jpg 1024w, https:\/\/fdp-aktiv.de\/blog\/wp-content\/uploads\/2021\/12\/teacher-3765909_1280-768x512.jpg 768w\" sizes=\"auto, (max-width: 1280px) 100vw, 1280px\" \/><\/a><figcaption id=\"caption-attachment-3430\" class=\"wp-caption-text\">Bild von <a href=\"https:\/\/pixabay.com\/de\/users\/steveriot1-6715269\/?utm_source=link-attribution&amp;utm_medium=referral&amp;utm_campaign=image&amp;utm_content=3765909\">Stefan Meller<\/a> auf <a href=\"https:\/\/pixabay.com\/de\/?utm_source=link-attribution&amp;utm_medium=referral&amp;utm_campaign=image&amp;utm_content=3765909\">Pixabay<\/a><\/figcaption><\/figure>\n<p>Eine wesentliche \u00c4nderung sei die Einf\u00fchrung eines\u00a0sogenannten Portfolios &#8211; einer Art \u201eMappe\u201c, die das ganze Berufsleben der Lehrkr\u00e4fte begleitet. \u201eDiese Idee begr\u00fc\u00dfen wir grunds\u00e4tzlich. Lehrkr\u00e4fte sind einerseits Allrounder, aber sie legen in ihrem Berufsleben auch besondere Schwerpunkte, haben spezielle Kenntnisse und vertiefen Dinge, die ihnen besonders am Herzen liegen. Das alles kann in einem solchen Portfolio sinnvoll zusammengef\u00fchrt werden\u201c, meint Promny. Nach \u00dcberzeugung der Freien Demokraten muss eine solche \u201eMappe\u201c aber zwingend digital angelegt werden, und nicht nur, wie es die Landesregierung vorsieht, sofern die technischen Voraussetzungen vorliegen. \u201eIm Jahr 2021 darf es kein\u00a0<em>sofern<\/em>\u00a0mehr geben. Die Landesregierung ist in der Verantwortung, die notwendigen Voraussetzungen zu schaffen\u201c, fordert Promny.\u00a0Er vermisst im Gesetzentwurf aber eine klare Aussage, ob dieses Portfolio\u00a0zu einer entscheidungsrelevanten Grundlage der Berufslaufbahn werden soll oder ob es am Ende nur einen b\u00fcrokratischen Mehraufwand bedeuten k\u00f6nnte.\u00a0 Ebenso m\u00f6chte Promny dargelegt haben, wie die Ausbildung f\u00fcr Querschnittsthemen wie Integration und Inklusion, Medienbildung und Digitalisierung umgesetzt werden soll. \u201eHier fehlt der rote Faden.\u201c<\/p>\n<p>Kritisch sieht Promny, dass keine Verl\u00e4ngerung der Regelstudienzeit vorgesehen ist. \u201eGerade f\u00fcr eine Aufwertung des Grundschullehramts w\u00e4re eine Verl\u00e4ngerung der Regelstudienzeit angebracht, zumal die Lehramtsstudierenden ein Fach als sogenanntes Langfach belegen sollen, was bedeutet, dass sie es auch in der Sekundarstufe I\u00a0unterrichten k\u00f6nnten. Wenn aber die Regelstudienzeit nicht verl\u00e4ngert wird, geht das notgedrungen zulasten anderer F\u00e4cher.\u201c<\/p>\n<\/div>\n","protected":false},"excerpt":{"rendered":"<p>Lehrkr\u00e4fte brauchen zeitgem\u00e4\u00dfe Aus-, Fort- und Weiterbildung Freie Demokraten sehen im Gesetzentwurf der Landesregierung noch viele offene Fragen Verl\u00e4ngerung der Regelstudienzeit w\u00fcrde Grundschullehramt aufwerten WIESBADEN \u2013 \u201eDer Ansatz geht in [&#8230;]<\/p>\n","protected":false},"author":1,"featured_media":0,"comment_status":"open","ping_status":"closed","sticky":false,"template":"","format":"standard","meta":{"footnotes":""},"categories":[34],"tags":[635,915,976,893,1770],"class_list":["post-3583","post","type-post","status-publish","format-standard","hentry","category-bildung","tag-fdp-hessen","tag-grundschule","tag-lehramt","tag-moritz-promny","tag-weiterbildung"],"_links":{"self":[{"href":"https:\/\/fdp-aktiv.de\/blog\/wp-json\/wp\/v2\/posts\/3583","targetHints":{"allow":["GET"]}}],"collection":[{"href":"https:\/\/fdp-aktiv.de\/blog\/wp-json\/wp\/v2\/posts"}],"about":[{"href":"https:\/\/fdp-aktiv.de\/blog\/wp-json\/wp\/v2\/types\/post"}],"author":[{"embeddable":true,"href":"https:\/\/fdp-aktiv.de\/blog\/wp-json\/wp\/v2\/users\/1"}],"replies":[{"embeddable":true,"href":"https:\/\/fdp-aktiv.de\/blog\/wp-json\/wp\/v2\/comments?post=3583"}],"version-history":[{"count":1,"href":"https:\/\/fdp-aktiv.de\/blog\/wp-json\/wp\/v2\/posts\/3583\/revisions"}],"predecessor-version":[{"id":3584,"href":"https:\/\/fdp-aktiv.de\/blog\/wp-json\/wp\/v2\/posts\/3583\/revisions\/3584"}],"wp:attachment":[{"href":"https:\/\/fdp-aktiv.de\/blog\/wp-json\/wp\/v2\/media?parent=3583"}],"wp:term":[{"taxonomy":"category","embeddable":true,"href":"https:\/\/fdp-aktiv.de\/blog\/wp-json\/wp\/v2\/categories?post=3583"},{"taxonomy":"post_tag","embeddable":true,"href":"https:\/\/fdp-aktiv.de\/blog\/wp-json\/wp\/v2\/tags?post=3583"}],"curies":[{"name":"wp","href":"https:\/\/api.w.org\/{rel}","templated":true}]}}