{"id":3585,"date":"2021-12-15T05:57:03","date_gmt":"2021-12-15T04:57:03","guid":{"rendered":"https:\/\/fdp-aktiv.de\/blog\/?p=3585"},"modified":"2021-12-15T05:59:03","modified_gmt":"2021-12-15T04:59:03","slug":"niedersachsen-wolfsbestand-endlich-realitaetsgetreu-abbilden-bestandsmanagement-ermoeglichen","status":"publish","type":"post","link":"https:\/\/fdp-aktiv.de\/blog\/2021\/12\/15\/niedersachsen-wolfsbestand-endlich-realitaetsgetreu-abbilden-bestandsmanagement-ermoeglichen\/","title":{"rendered":"Niedersachsen: Wolfsbestand endlich realit\u00e4tsgetreu abbilden &#8211; Bestandsmanagement erm\u00f6glichen"},"content":{"rendered":"<p>Der landwirtschaftspolitische Sprecher der nieders\u00e4chsischen FDP-Landtagsfraktion, Hermann Grupe, bem\u00e4ngelt die unrealistische Bewertung der Anzahl der in Deutschland und Niedersachsen lebenden W\u00f6lfe. \u201eDas Bundesamt f\u00fcr Naturschutz meldet aktuell 157 Wolfsrudel bundesweit, 35 davon in Niedersachsen, was etwa 300 Tieren entspricht. Diese Zahlen sind veraltet, fernab der Realit\u00e4t und verschleiern die wirklichen Verh\u00e4ltnisse. Schon im November 2020 war unstrittig, dass in Niedersachsen rund 350 Tiere leben. Geht man von einem durchschnittlichen j\u00e4hrlichen Wachstum von 30% aus, sind wir mittlerweile bei 450 W\u00f6lfen angekommen\u201c, so Grupe.<\/p>\n<figure id=\"attachment_3586\" aria-describedby=\"caption-attachment-3586\" style=\"width: 1280px\" class=\"wp-caption aligncenter\"><a href=\"https:\/\/fdp-aktiv.de\/blog\/wp-content\/uploads\/2021\/12\/wolf-2984865_1280.jpg\"><img loading=\"lazy\" decoding=\"async\" class=\"size-full wp-image-3586\" src=\"https:\/\/fdp-aktiv.de\/blog\/wp-content\/uploads\/2021\/12\/wolf-2984865_1280.jpg\" alt=\"\" width=\"1280\" height=\"762\" srcset=\"https:\/\/fdp-aktiv.de\/blog\/wp-content\/uploads\/2021\/12\/wolf-2984865_1280.jpg 1280w, https:\/\/fdp-aktiv.de\/blog\/wp-content\/uploads\/2021\/12\/wolf-2984865_1280-300x179.jpg 300w, https:\/\/fdp-aktiv.de\/blog\/wp-content\/uploads\/2021\/12\/wolf-2984865_1280-1024x610.jpg 1024w, https:\/\/fdp-aktiv.de\/blog\/wp-content\/uploads\/2021\/12\/wolf-2984865_1280-768x457.jpg 768w\" sizes=\"auto, (max-width: 1280px) 100vw, 1280px\" \/><\/a><figcaption id=\"caption-attachment-3586\" class=\"wp-caption-text\">Bild von <a href=\"https:\/\/pixabay.com\/de\/users\/christels-3741991\/?utm_source=link-attribution&amp;utm_medium=referral&amp;utm_campaign=image&amp;utm_content=2984865\">Christel SAGNIEZ<\/a> auf <a href=\"https:\/\/pixabay.com\/de\/?utm_source=link-attribution&amp;utm_medium=referral&amp;utm_campaign=image&amp;utm_content=2984865\">Pixabay<\/a><\/figcaption><\/figure>\n<p>Die Ampel-Regierung in Berlin habe im Koalitionsvertrag festgelegt, zuk\u00fcnftig durch Monitoring eine realit\u00e4tsgetreue Abbildung des Bestandes zu erm\u00f6glichen, um den L\u00e4ndern ein europarechtskonformes und regional differenziertes Bestandsmanagement zu erm\u00f6glichen. \u201eDer Wolf breitet sich weiter ungehindert aus und rei\u00dft Schafe, Rinder, Ponys, Pferde, K\u00e4lber gern auch von den Weiden direkt am Hof\u201c, wei\u00df Grupe. Der Schutz der Tiere durch die Halter sei nahezu unm\u00f6glich. Das beweise auch die j\u00fcngste H\u00e4ufung von Schafsrissen in Vrees, wo zuletzt am 9. Dezember 15 Tiere get\u00f6tet wurden, obwohl sie \u00fcber das geforderte Ma\u00df hinaus durch einen 1,80 m hohen Zaun, einen zus\u00e4tzlichen 1,20 m hohen Elektrozaun und 4 Schutzesel gesch\u00fctzt waren.<\/p>\n<p>\u201eJeder Tag, an dem die Landesregierung sich nicht f\u00fcr ein ausgewogenes Bestandsmanagement entscheidet, entscheidet sie gegen die Weidetierhaltung, gegen den naturnahen Erhalt von Kulturlandschaften, gegen die Deichsicherung durch Schafherden und gegen die vom Aussterben bedrohten Mufflons im norddeutschen Raum\u201c, so Grupe. Niedersachsen sei ein Hotspot der Wolfsausbreitung. Die reellen Bestandszahlen m\u00fcssten endlich anerkannt und in Handeln umgesetzt werden. Grupe: \u201eDer Bestand muss in einigen Regionen deutlich zur\u00fcckgef\u00fchrt und durch ein aktives Bestandsmanagement auf einem vertr\u00e4glichen Niveau gehalten werden. Wir brauchen eine Wolfsverordnung, die wirklich greift.\u201c<\/p>\n<p><strong><em>Hintergrund<\/em><\/strong><em>: Im Rahmen der Aktuellen Stunde der FDP-Fraktion \u201eWolfsbestand realit\u00e4tsgetreu abbilden \u2013 Bestandsmanagement erm\u00f6glichen\u201c debattierte der Nieders\u00e4chsische Landtag am 14.12.21 \u00fcber den Umgang mit dem Wolf<\/em><\/p>\n<p>&nbsp;<\/p>\n","protected":false},"excerpt":{"rendered":"<p>Der landwirtschaftspolitische Sprecher der nieders\u00e4chsischen FDP-Landtagsfraktion, Hermann Grupe, bem\u00e4ngelt die unrealistische Bewertung der Anzahl der in Deutschland und Niedersachsen lebenden W\u00f6lfe. \u201eDas Bundesamt f\u00fcr Naturschutz meldet aktuell 157 Wolfsrudel bundesweit, [&#8230;]<\/p>\n","protected":false},"author":1,"featured_media":0,"comment_status":"open","ping_status":"closed","sticky":false,"template":"","format":"standard","meta":{"footnotes":""},"categories":[249],"tags":[638,883,252,1771],"class_list":["post-3585","post","type-post","status-publish","format-standard","hentry","category-umwelt","tag-fdp-nds","tag-hermann-grupe","tag-naturschutz","tag-wolf"],"_links":{"self":[{"href":"https:\/\/fdp-aktiv.de\/blog\/wp-json\/wp\/v2\/posts\/3585","targetHints":{"allow":["GET"]}}],"collection":[{"href":"https:\/\/fdp-aktiv.de\/blog\/wp-json\/wp\/v2\/posts"}],"about":[{"href":"https:\/\/fdp-aktiv.de\/blog\/wp-json\/wp\/v2\/types\/post"}],"author":[{"embeddable":true,"href":"https:\/\/fdp-aktiv.de\/blog\/wp-json\/wp\/v2\/users\/1"}],"replies":[{"embeddable":true,"href":"https:\/\/fdp-aktiv.de\/blog\/wp-json\/wp\/v2\/comments?post=3585"}],"version-history":[{"count":2,"href":"https:\/\/fdp-aktiv.de\/blog\/wp-json\/wp\/v2\/posts\/3585\/revisions"}],"predecessor-version":[{"id":3590,"href":"https:\/\/fdp-aktiv.de\/blog\/wp-json\/wp\/v2\/posts\/3585\/revisions\/3590"}],"wp:attachment":[{"href":"https:\/\/fdp-aktiv.de\/blog\/wp-json\/wp\/v2\/media?parent=3585"}],"wp:term":[{"taxonomy":"category","embeddable":true,"href":"https:\/\/fdp-aktiv.de\/blog\/wp-json\/wp\/v2\/categories?post=3585"},{"taxonomy":"post_tag","embeddable":true,"href":"https:\/\/fdp-aktiv.de\/blog\/wp-json\/wp\/v2\/tags?post=3585"}],"curies":[{"name":"wp","href":"https:\/\/api.w.org\/{rel}","templated":true}]}}