{"id":3620,"date":"2021-12-16T19:40:05","date_gmt":"2021-12-16T18:40:05","guid":{"rendered":"https:\/\/fdp-aktiv.de\/blog\/?p=3620"},"modified":"2021-12-16T19:40:05","modified_gmt":"2021-12-16T18:40:05","slug":"niedersachsen-statement-stefan-birkner-zur-ovg-entscheidung-zu-2g-im-einzelhandel","status":"publish","type":"post","link":"https:\/\/fdp-aktiv.de\/blog\/2021\/12\/16\/niedersachsen-statement-stefan-birkner-zur-ovg-entscheidung-zu-2g-im-einzelhandel\/","title":{"rendered":"Niedersachsen: Statement Stefan Birkner zur OVG-Entscheidung zu 2G im Einzelhandel"},"content":{"rendered":"<p>zu der Entscheidung dses OVG L\u00fcneburg, die 2G-Regel im Einzelhandel zu kippen, kommentiert der Vorsitzende der nieders\u00e4chsischen FDP-Landtagsfraktion, Stefan Birkner:<\/p>\n<figure id=\"attachment_1399\" aria-describedby=\"caption-attachment-1399\" style=\"width: 750px\" class=\"wp-caption aligncenter\"><a href=\"https:\/\/fdp-aktiv.de\/blog\/wp-content\/uploads\/2021\/05\/Birkner_750x422_1-603.png\"><img loading=\"lazy\" decoding=\"async\" class=\"size-full wp-image-1399\" src=\"https:\/\/fdp-aktiv.de\/blog\/wp-content\/uploads\/2021\/05\/Birkner_750x422_1-603.png\" alt=\"Stefan Birkner Fraktionsvorsitzender\" width=\"750\" height=\"422\" srcset=\"https:\/\/fdp-aktiv.de\/blog\/wp-content\/uploads\/2021\/05\/Birkner_750x422_1-603.png 750w, https:\/\/fdp-aktiv.de\/blog\/wp-content\/uploads\/2021\/05\/Birkner_750x422_1-603-300x169.png 300w\" sizes=\"auto, (max-width: 750px) 100vw, 750px\" \/><\/a><figcaption id=\"caption-attachment-1399\" class=\"wp-caption-text\">Stefan Birkner<br \/>Fraktionsvorsitzender<\/figcaption><\/figure>\n<p>\u201eIch begr\u00fc\u00dfe die Entscheidung des OVG L\u00fcneburg ausdr\u00fccklich, denn sie best\u00e4tigt unsere Einsch\u00e4tzung. Der Einzelhandel ist nachweislich kein Infektionstreiber, 2G im Einzelhandel dient nicht dem Infektionsschutz. Die Landesregierung will damit lediglich den Impfdruck erh\u00f6hen und tr\u00e4gt das auf dem R\u00fccken des Einzelhandels aus. Sie sollte endlich aus den mittlerweile zahlreichen durch Gerichte einkassierten Ma\u00dfnahmen lernen: Diese m\u00fcssen immer gut begr\u00fcndet sein und Grundrechtseingriffe sind nur zul\u00e4ssig, wenn sie zum Infektionsschutz zwingend notwendig sind.\u201c<\/p>\n<p>&nbsp;<\/p>\n<p>&nbsp;<\/p>\n","protected":false},"excerpt":{"rendered":"<p>zu der Entscheidung dses OVG L\u00fcneburg, die 2G-Regel im Einzelhandel zu kippen, kommentiert der Vorsitzende der nieders\u00e4chsischen FDP-Landtagsfraktion, Stefan Birkner: \u201eIch begr\u00fc\u00dfe die Entscheidung des OVG L\u00fcneburg ausdr\u00fccklich, denn sie [&#8230;]<\/p>\n","protected":false},"author":1,"featured_media":0,"comment_status":"open","ping_status":"closed","sticky":false,"template":"","format":"standard","meta":{"footnotes":""},"categories":[4],"tags":[1482,961,638,913],"class_list":["post-3620","post","type-post","status-publish","format-standard","hentry","category-covid-19","tag-2g","tag-einzelhandel","tag-fdp-nds","tag-stefan-birkner"],"_links":{"self":[{"href":"https:\/\/fdp-aktiv.de\/blog\/wp-json\/wp\/v2\/posts\/3620","targetHints":{"allow":["GET"]}}],"collection":[{"href":"https:\/\/fdp-aktiv.de\/blog\/wp-json\/wp\/v2\/posts"}],"about":[{"href":"https:\/\/fdp-aktiv.de\/blog\/wp-json\/wp\/v2\/types\/post"}],"author":[{"embeddable":true,"href":"https:\/\/fdp-aktiv.de\/blog\/wp-json\/wp\/v2\/users\/1"}],"replies":[{"embeddable":true,"href":"https:\/\/fdp-aktiv.de\/blog\/wp-json\/wp\/v2\/comments?post=3620"}],"version-history":[{"count":1,"href":"https:\/\/fdp-aktiv.de\/blog\/wp-json\/wp\/v2\/posts\/3620\/revisions"}],"predecessor-version":[{"id":3621,"href":"https:\/\/fdp-aktiv.de\/blog\/wp-json\/wp\/v2\/posts\/3620\/revisions\/3621"}],"wp:attachment":[{"href":"https:\/\/fdp-aktiv.de\/blog\/wp-json\/wp\/v2\/media?parent=3620"}],"wp:term":[{"taxonomy":"category","embeddable":true,"href":"https:\/\/fdp-aktiv.de\/blog\/wp-json\/wp\/v2\/categories?post=3620"},{"taxonomy":"post_tag","embeddable":true,"href":"https:\/\/fdp-aktiv.de\/blog\/wp-json\/wp\/v2\/tags?post=3620"}],"curies":[{"name":"wp","href":"https:\/\/api.w.org\/{rel}","templated":true}]}}