{"id":3640,"date":"2021-12-18T09:19:59","date_gmt":"2021-12-18T08:19:59","guid":{"rendered":"https:\/\/fdp-aktiv.de\/blog\/?p=3640"},"modified":"2022-09-22T17:26:12","modified_gmt":"2022-09-22T15:26:12","slug":"neue-aufgaben-im-bundestag-fuer-die-fdp-abgeordneten-aus-hamburg-michael-kruse-und-ria-schroeder","status":"publish","type":"post","link":"https:\/\/fdp-aktiv.de\/blog\/2021\/12\/18\/neue-aufgaben-im-bundestag-fuer-die-fdp-abgeordneten-aus-hamburg-michael-kruse-und-ria-schroeder\/","title":{"rendered":"Neue Aufgaben im Bundestag f\u00fcr die FDP-Abgeordneten aus Hamburg, Michael Kruse und Ria Schr\u00f6der"},"content":{"rendered":"<div>Die Hamburger FDP-Bundestagsabgeordneten Michael Kruse und Ria Schr\u00f6der haben in der vergangenen Woche wichtige Sprecherfunktionen f\u00fcr die FDP-Bundestagsfraktion \u00fcbernommen.<\/div>\n<div><\/div>\n<div>Michael Kruse wurde zum energiepolitischen Sprecher ernannt, damit wird er Mitglied im Ausschuss f\u00fcr Klimaschutz und Energie des Deutschen Bundestags. Ebenso hat die Fraktion ihn als Hauptmitglied in den Ausschuss f\u00fcr Verkehr entsandt, wo er f\u00fcr die FDP-Fraktion die Themen H\u00e4fen und Logistik verantworten wird.<\/div>\n<div><\/div>\n<div>Ria Schr\u00f6der wurde zur bildungspolitischen Sprecherin der FDP-Bundestagsfraktion ernannt, sie vertritt die Fraktion im Ausschuss f\u00fcr Bildung, Forschung und Technikfolgenabsch\u00e4tzung, au\u00dferdem ist sie stellvertretendes Mitglied im Rechtsausschuss.<\/div>\n<div><\/div>\n<div>\n<figure id=\"attachment_3130\" aria-describedby=\"caption-attachment-3130\" style=\"width: 657px\" class=\"wp-caption aligncenter\"><a href=\"https:\/\/fdp-aktiv.de\/blog\/wp-content\/uploads\/2021\/11\/Kruse.jpg\"><img loading=\"lazy\" decoding=\"async\" class=\" wp-image-3130\" src=\"https:\/\/fdp-aktiv.de\/blog\/wp-content\/uploads\/2021\/11\/Kruse.jpg\" alt=\"\" width=\"657\" height=\"438\" srcset=\"https:\/\/fdp-aktiv.de\/blog\/wp-content\/uploads\/2021\/11\/Kruse.jpg 1280w, https:\/\/fdp-aktiv.de\/blog\/wp-content\/uploads\/2021\/11\/Kruse-300x200.jpg 300w, https:\/\/fdp-aktiv.de\/blog\/wp-content\/uploads\/2021\/11\/Kruse-1024x683.jpg 1024w, https:\/\/fdp-aktiv.de\/blog\/wp-content\/uploads\/2021\/11\/Kruse-768x512.jpg 768w\" sizes=\"auto, (max-width: 657px) 100vw, 657px\" \/><\/a><figcaption id=\"caption-attachment-3130\" class=\"wp-caption-text\">FDP Michael Kruse, Hamburg, 08.07.2021<\/figcaption><\/figure>\n<p>&nbsp;<\/p>\n<\/div>\n<div><b>Michael Kruse, MdB,<\/b>&nbsp;zu seinen neuen Aufgaben im Deutschen Bundestag:<\/div>\n<div>&#8220;Ich freue mich, dass ich mich um das wichtige Thema <a href=\"https:\/\/fdp-aktiv.de\/blog\/2021\/01\/29\/fdp-forderung-energiepolitik\/\" data-internallinksmanager029f6b8e52c=\"6\" title=\"FDP Forderung Energiepolitik\" target=\"_blank\" rel=\"noopener\">Energiepolitik<\/a> k\u00fcmmern darf. Dort besteht gro\u00dfer Handlungsbedarf, ich setze mich f\u00fcr bezahlbare Energiepreise, einen marktwirtschaftlichen Ausbau der erneuerbaren Energien und die Einf\u00fchrung von CO\u2082-neutralen Wasserstoff als weitere S\u00e4ule im Energiesystem ein.<\/div>\n<div>Als Abgeordneter aus Hamburg freut es mich besonders, dass ich die Berichterstattung f\u00fcr H\u00e4fen und Logistik \u00fcbernehmen darf. Wir m\u00fcssen unsere deutschen H\u00e4fen fit f\u00fcr den Wettbewerb mit anderen gro\u00dfen EU-H\u00e4fen machen. Ein erster Erfolg meiner Arbeit ist, dass wir im Koalitionsvertrag eine Hafenstrategie und ein koordiniertes Sedimentmanagement vereinbart haben, das unsere Schifffahrtswege attraktiver macht.&#8221;<\/div>\n<div><b>&nbsp;<\/b><\/div>\n<div>\n<figure id=\"attachment_3641\" aria-describedby=\"caption-attachment-3641\" style=\"width: 621px\" class=\"wp-caption aligncenter\"><a href=\"https:\/\/fdp-aktiv.de\/blog\/wp-content\/uploads\/2021\/12\/Ria_Schroeder.jpg\"><img loading=\"lazy\" decoding=\"async\" class=\" wp-image-3641\" src=\"https:\/\/fdp-aktiv.de\/blog\/wp-content\/uploads\/2021\/12\/Ria_Schroeder.jpg\" alt=\"\" width=\"621\" height=\"466\" srcset=\"https:\/\/fdp-aktiv.de\/blog\/wp-content\/uploads\/2021\/12\/Ria_Schroeder.jpg 1280w, https:\/\/fdp-aktiv.de\/blog\/wp-content\/uploads\/2021\/12\/Ria_Schroeder-300x225.jpg 300w, https:\/\/fdp-aktiv.de\/blog\/wp-content\/uploads\/2021\/12\/Ria_Schroeder-1024x768.jpg 1024w, https:\/\/fdp-aktiv.de\/blog\/wp-content\/uploads\/2021\/12\/Ria_Schroeder-768x576.jpg 768w\" sizes=\"auto, (max-width: 621px) 100vw, 621px\" \/><\/a><figcaption id=\"caption-attachment-3641\" class=\"wp-caption-text\">Ria Schr\u00f6der<\/figcaption><\/figure>\n<\/div>\n<div><\/div>\n<div><b>Ria Schr\u00f6der, MdB,<\/b>&nbsp;zu ihren neuen Aufgaben im Deutschen Bundestag:<\/div>\n<div>&#8220;Bildung ist mein Herzensthema, denn fast jede gesellschaftliche und soziale Frage h\u00e4ngt damit zusammen. Daher freue mich sehr, in den n\u00e4chsten vier Jahren auf diesem liberalen Kernbereich f\u00fcr die FDP-Bundestagsfraktion sprechen zu d\u00fcrfen und sie im Ausschuss f\u00fcr Bildung und Forschung zu vertreten.<\/div>\n<div>Gute Bildung darf nicht vom Elternhaus, vom Wohnort oder von der Herkunft abh\u00e4ngen. Gerade in Hamburg bestimmt aber der Stadtteil noch viel zu oft \u00fcber Bildungschancen, die Corona-Pandemie hat die Situation dramatisch versch\u00e4rft. Die F\u00f6rderung benachteiligter Stadtteile und Regionen, die Digitalisierung des Lernens und die BAf\u00f6G-Reform werden Schwerpunkte meiner Arbeit in den n\u00e4chsten Jahren sein. Familien und junge Menschen in Hamburg und ganz Deutschland bekommen eine starke Stimme!&#8221;<\/div>\n<div><\/div>\n","protected":false},"excerpt":{"rendered":"<p>Die Hamburger FDP-Bundestagsabgeordneten Michael Kruse und Ria Schr\u00f6der haben in der vergangenen Woche wichtige Sprecherfunktionen f\u00fcr die FDP-Bundestagsfraktion \u00fcbernommen. Michael Kruse wurde zum energiepolitischen Sprecher ernannt, damit wird er Mitglied [&#8230;]<\/p>\n","protected":false},"author":1,"featured_media":0,"comment_status":"open","ping_status":"closed","sticky":false,"template":"","format":"standard","meta":{"footnotes":""},"categories":[6],"tags":[158,2688,1387,749,1390,1279],"class_list":["post-3640","post","type-post","status-publish","format-standard","hentry","category-politik","tag-bildung","tag-fdp-bundestag","tag-fdp-hamburg","tag-klimaschutz","tag-michael-kruse","tag-ria-schroeder"],"_links":{"self":[{"href":"https:\/\/fdp-aktiv.de\/blog\/wp-json\/wp\/v2\/posts\/3640","targetHints":{"allow":["GET"]}}],"collection":[{"href":"https:\/\/fdp-aktiv.de\/blog\/wp-json\/wp\/v2\/posts"}],"about":[{"href":"https:\/\/fdp-aktiv.de\/blog\/wp-json\/wp\/v2\/types\/post"}],"author":[{"embeddable":true,"href":"https:\/\/fdp-aktiv.de\/blog\/wp-json\/wp\/v2\/users\/1"}],"replies":[{"embeddable":true,"href":"https:\/\/fdp-aktiv.de\/blog\/wp-json\/wp\/v2\/comments?post=3640"}],"version-history":[{"count":2,"href":"https:\/\/fdp-aktiv.de\/blog\/wp-json\/wp\/v2\/posts\/3640\/revisions"}],"predecessor-version":[{"id":3647,"href":"https:\/\/fdp-aktiv.de\/blog\/wp-json\/wp\/v2\/posts\/3640\/revisions\/3647"}],"wp:attachment":[{"href":"https:\/\/fdp-aktiv.de\/blog\/wp-json\/wp\/v2\/media?parent=3640"}],"wp:term":[{"taxonomy":"category","embeddable":true,"href":"https:\/\/fdp-aktiv.de\/blog\/wp-json\/wp\/v2\/categories?post=3640"},{"taxonomy":"post_tag","embeddable":true,"href":"https:\/\/fdp-aktiv.de\/blog\/wp-json\/wp\/v2\/tags?post=3640"}],"curies":[{"name":"wp","href":"https:\/\/api.w.org\/{rel}","templated":true}]}}