{"id":3659,"date":"2021-12-21T10:03:35","date_gmt":"2021-12-21T09:03:35","guid":{"rendered":"https:\/\/fdp-aktiv.de\/blog\/?p=3659"},"modified":"2022-10-01T09:06:37","modified_gmt":"2022-10-01T07:06:37","slug":"2g-kommt-fast-an-lockdown-fuer-einzelhandel-ran-fdp-fraktionschef-duerr","status":"publish","type":"post","link":"https:\/\/fdp-aktiv.de\/blog\/2021\/12\/21\/2g-kommt-fast-an-lockdown-fuer-einzelhandel-ran-fdp-fraktionschef-duerr\/","title":{"rendered":"2G kommt fast an Lockdown f\u00fcr Einzelhandel ran | FDP-Fraktionschef D\u00fcrr"},"content":{"rendered":"<p>Die Debatte um die allgemeine Impfpflicht l\u00e4uft sich langsam hei\u00df!<\/p>\n<p><a href=\"https:\/\/fdp-aktiv.de\/blog\/wp-content\/uploads\/2021\/12\/Duerr.png\"><img loading=\"lazy\" decoding=\"async\" class=\"aligncenter size-full wp-image-3660\" src=\"https:\/\/fdp-aktiv.de\/blog\/wp-content\/uploads\/2021\/12\/Duerr.png\" alt=\"\" width=\"1258\" height=\"706\" srcset=\"https:\/\/fdp-aktiv.de\/blog\/wp-content\/uploads\/2021\/12\/Duerr.png 1258w, https:\/\/fdp-aktiv.de\/blog\/wp-content\/uploads\/2021\/12\/Duerr-300x168.png 300w, https:\/\/fdp-aktiv.de\/blog\/wp-content\/uploads\/2021\/12\/Duerr-1024x575.png 1024w, https:\/\/fdp-aktiv.de\/blog\/wp-content\/uploads\/2021\/12\/Duerr-768x431.png 768w\" sizes=\"auto, (max-width: 1258px) 100vw, 1258px\" \/><\/a><\/p>\n<p>Christian D\u00fcrr (44), neuer Fraktionschef der FDP, springt nun f\u00fcr Impfpflicht-Gegner in die Bresche. Bei BILD Live verwies D\u00fcrr am Freitagmorgen auf eine gr\u00f6\u00dfere Gruppe FDP-Abgeordneter, die am Donnerstag ank\u00fcndigte, gegen eine Impfpflicht stimmen zu wollen: \u201e20 von 92 Abgeordneten sagen: Wir sind bei einer Impfpflicht skeptisch. Das sind ja keine Extremisten, sondern ganz im Gegenteil, hoch angesehene Politiker.\u201c<\/p>\n<p>Die Debatte um die Impfpflicht sei \u201enat\u00fcrlich legitim\u201c: \u201eSie findet mitten im Deutschen Bundestag statt.\u201c<\/p>\n<p><iframe loading=\"lazy\" title=\"2G kommt fast an Lockdown f\u00fcr Einzelhandel ran | FDP-Fraktionschef D\u00fcrr\" width=\"800\" height=\"450\" src=\"https:\/\/www.youtube.com\/embed\/GQmqEcb7aeM?feature=oembed\" frameborder=\"0\" allow=\"accelerometer; autoplay; clipboard-write; encrypted-media; gyroscope; picture-in-picture\" allowfullscreen><\/iframe><\/p>\n","protected":false},"excerpt":{"rendered":"<p>Die Debatte um die allgemeine Impfpflicht l\u00e4uft sich langsam hei\u00df! Christian D\u00fcrr (44), neuer Fraktionschef der FDP, springt nun f\u00fcr Impfpflicht-Gegner in die Bresche. Bei BILD Live verwies D\u00fcrr am [&#8230;]<\/p>\n","protected":false},"author":1,"featured_media":0,"comment_status":"open","ping_status":"closed","sticky":false,"template":"","format":"standard","meta":{"footnotes":""},"categories":[4,6,60],"tags":[90,1791,2688,291,27],"class_list":["post-3659","post","type-post","status-publish","format-standard","hentry","category-covid-19","category-politik","category-youtube","tag-christian-duerr","tag-demo","tag-fdp-bundestag","tag-impfpflicht","tag-lockdown"],"_links":{"self":[{"href":"https:\/\/fdp-aktiv.de\/blog\/wp-json\/wp\/v2\/posts\/3659","targetHints":{"allow":["GET"]}}],"collection":[{"href":"https:\/\/fdp-aktiv.de\/blog\/wp-json\/wp\/v2\/posts"}],"about":[{"href":"https:\/\/fdp-aktiv.de\/blog\/wp-json\/wp\/v2\/types\/post"}],"author":[{"embeddable":true,"href":"https:\/\/fdp-aktiv.de\/blog\/wp-json\/wp\/v2\/users\/1"}],"replies":[{"embeddable":true,"href":"https:\/\/fdp-aktiv.de\/blog\/wp-json\/wp\/v2\/comments?post=3659"}],"version-history":[{"count":1,"href":"https:\/\/fdp-aktiv.de\/blog\/wp-json\/wp\/v2\/posts\/3659\/revisions"}],"predecessor-version":[{"id":3661,"href":"https:\/\/fdp-aktiv.de\/blog\/wp-json\/wp\/v2\/posts\/3659\/revisions\/3661"}],"wp:attachment":[{"href":"https:\/\/fdp-aktiv.de\/blog\/wp-json\/wp\/v2\/media?parent=3659"}],"wp:term":[{"taxonomy":"category","embeddable":true,"href":"https:\/\/fdp-aktiv.de\/blog\/wp-json\/wp\/v2\/categories?post=3659"},{"taxonomy":"post_tag","embeddable":true,"href":"https:\/\/fdp-aktiv.de\/blog\/wp-json\/wp\/v2\/tags?post=3659"}],"curies":[{"name":"wp","href":"https:\/\/api.w.org\/{rel}","templated":true}]}}