{"id":3706,"date":"2021-12-31T07:08:00","date_gmt":"2021-12-31T06:08:00","guid":{"rendered":"https:\/\/fdp-aktiv.de\/blog\/?p=3706"},"modified":"2021-12-31T07:08:00","modified_gmt":"2021-12-31T06:08:00","slug":"baden-wuerttemberg-keine-unterstuetzung-durch-the-laend-fuer-die-sportvereine","status":"publish","type":"post","link":"https:\/\/fdp-aktiv.de\/blog\/2021\/12\/31\/baden-wuerttemberg-keine-unterstuetzung-durch-the-laend-fuer-die-sportvereine\/","title":{"rendered":"Baden-W\u00fcrttemberg: Keine Unterst\u00fctzung durch \u201eThe L\u00e4nd\u201c f\u00fcr die Sportvereine"},"content":{"rendered":"<p>Die neue Werbekampagne \u201eThe L\u00e4nd\u201c des Landes Baden-W\u00fcrttemberg hat f\u00fcr viel Kritik gesorgt. Auch die FDP\/DVP-Fraktion im Landtag von Baden-W\u00fcrttemberg hatte die Ausgaben von \u00fcber 20 Millionen Euro f\u00fcr die Werbekampagne insbesondere vor dem Hintergrund der angespannten Haushaltssituation stark kritisiert. Der sportpolitische Sprecher der FDP\/DVP-Fraktion, <strong>Dennis Birnstock,<\/strong> wandte sich nun mit einer Idee an das Staatsministerium, mit der sich die bereits gestartete Kampagne wenigstens teilweise h\u00e4tte sinnvoll verwerten lassen k\u00f6nnen.<\/p>\n<figure id=\"attachment_1517\" aria-describedby=\"caption-attachment-1517\" style=\"width: 1503px\" class=\"wp-caption aligncenter\"><a href=\"https:\/\/fdp-aktiv.de\/blog\/wp-content\/uploads\/2021\/06\/dennis-birnstock-pressefoto1_v2.jpg\"><img loading=\"lazy\" decoding=\"async\" class=\"size-full wp-image-1517\" src=\"https:\/\/fdp-aktiv.de\/blog\/wp-content\/uploads\/2021\/06\/dennis-birnstock-pressefoto1_v2.jpg\" alt=\"Dennis Birnstock\" width=\"1503\" height=\"2000\" srcset=\"https:\/\/fdp-aktiv.de\/blog\/wp-content\/uploads\/2021\/06\/dennis-birnstock-pressefoto1_v2.jpg 1503w, https:\/\/fdp-aktiv.de\/blog\/wp-content\/uploads\/2021\/06\/dennis-birnstock-pressefoto1_v2-225x300.jpg 225w, https:\/\/fdp-aktiv.de\/blog\/wp-content\/uploads\/2021\/06\/dennis-birnstock-pressefoto1_v2-770x1024.jpg 770w, https:\/\/fdp-aktiv.de\/blog\/wp-content\/uploads\/2021\/06\/dennis-birnstock-pressefoto1_v2-768x1022.jpg 768w, https:\/\/fdp-aktiv.de\/blog\/wp-content\/uploads\/2021\/06\/dennis-birnstock-pressefoto1_v2-1154x1536.jpg 1154w\" sizes=\"auto, (max-width: 1503px) 100vw, 1503px\" \/><\/a><figcaption id=\"caption-attachment-1517\" class=\"wp-caption-text\">Dennis Birnstock<\/figcaption><\/figure>\n<p>\u201eBei Gespr\u00e4chen mit verschiedenen Sportverb\u00e4nden kam die Idee auf, die Werbekampagne \u201aThe L\u00e4nd\u2018 auch bei Sportveranstaltungen zu schalten, beispielsweise als Bandenwerbung. Wenn sich die Landesregierung schon nicht von ihrer Kampagne und dem Versuch, ausl\u00e4ndische Fachkr\u00e4fte innerhalb Baden-W\u00fcrttembergs anwerben zu wollen, abbringen l\u00e4sst, k\u00e4me so zumindest ein Teil des Geldes den durch Corona gebeutelten Sportvereinen zu Gute. Mit dieser Idee hatte ich mich an Ministerpr\u00e4sident Winfried Kretschmann gewandt. Die Antwort von Staatssekret\u00e4r Hassler, fiel allerdings ern\u00fcchternd aus, denn die Landesregierung m\u00f6chte das Geld f\u00fcr die Kampagne nicht f\u00fcr die Unterst\u00fctzung der Sportvereine verwenden. Das Staatsministerium verweist hier unter anderem auf hohe \u201aStreuverluste\u2018 bei der Einbeziehung der Sportvereine. Die Antwort ist daher eine Entt\u00e4uschung f\u00fcr alle Sportvereine, die bereits in besonderem Ma\u00dfe unter den Folgen der Pandemie zu leiden haben. Au\u00dferdem verpasst die Landesregierung damit leider diese Chance, aus ihrer Kampagne etwas Gewinnbringendes zu machen\u201c, so Birnstock w\u00f6rtlich.<\/p>\n","protected":false},"excerpt":{"rendered":"<p>Die neue Werbekampagne \u201eThe L\u00e4nd\u201c des Landes Baden-W\u00fcrttemberg hat f\u00fcr viel Kritik gesorgt. Auch die FDP\/DVP-Fraktion im Landtag von Baden-W\u00fcrttemberg hatte die Ausgaben von \u00fcber 20 Millionen Euro f\u00fcr die [&#8230;]<\/p>\n","protected":false},"author":1,"featured_media":0,"comment_status":"open","ping_status":"closed","sticky":false,"template":"","format":"standard","meta":{"footnotes":""},"categories":[123],"tags":[746,650,1802],"class_list":["post-3706","post","type-post","status-publish","format-standard","hentry","category-gesundheit","tag-dennis-birnstock","tag-fdp-dvp","tag-the-laend"],"_links":{"self":[{"href":"https:\/\/fdp-aktiv.de\/blog\/wp-json\/wp\/v2\/posts\/3706","targetHints":{"allow":["GET"]}}],"collection":[{"href":"https:\/\/fdp-aktiv.de\/blog\/wp-json\/wp\/v2\/posts"}],"about":[{"href":"https:\/\/fdp-aktiv.de\/blog\/wp-json\/wp\/v2\/types\/post"}],"author":[{"embeddable":true,"href":"https:\/\/fdp-aktiv.de\/blog\/wp-json\/wp\/v2\/users\/1"}],"replies":[{"embeddable":true,"href":"https:\/\/fdp-aktiv.de\/blog\/wp-json\/wp\/v2\/comments?post=3706"}],"version-history":[{"count":1,"href":"https:\/\/fdp-aktiv.de\/blog\/wp-json\/wp\/v2\/posts\/3706\/revisions"}],"predecessor-version":[{"id":3707,"href":"https:\/\/fdp-aktiv.de\/blog\/wp-json\/wp\/v2\/posts\/3706\/revisions\/3707"}],"wp:attachment":[{"href":"https:\/\/fdp-aktiv.de\/blog\/wp-json\/wp\/v2\/media?parent=3706"}],"wp:term":[{"taxonomy":"category","embeddable":true,"href":"https:\/\/fdp-aktiv.de\/blog\/wp-json\/wp\/v2\/categories?post=3706"},{"taxonomy":"post_tag","embeddable":true,"href":"https:\/\/fdp-aktiv.de\/blog\/wp-json\/wp\/v2\/tags?post=3706"}],"curies":[{"name":"wp","href":"https:\/\/api.w.org\/{rel}","templated":true}]}}