{"id":3806,"date":"2022-01-08T20:56:42","date_gmt":"2022-01-08T19:56:42","guid":{"rendered":"https:\/\/fdp-aktiv.de\/blog\/?p=3806"},"modified":"2022-01-08T20:58:04","modified_gmt":"2022-01-08T19:58:04","slug":"freie-demokraten-gegen-eine-allgemeine-impfpflicht","status":"publish","type":"post","link":"https:\/\/fdp-aktiv.de\/blog\/2022\/01\/08\/freie-demokraten-gegen-eine-allgemeine-impfpflicht\/","title":{"rendered":"Freie Demokraten gegen eine allgemeine Impfpflicht"},"content":{"rendered":"<p>Nachdem bereits ein Landesverband der FDP mit \u00fcberw\u00e4ltigender Mehrheit einen Antrag auf eine allgemeine Corona-Impfpflicht abgelehnt hat, stellen sich nun auch erste Kreisverb\u00e4nde aus Norddeutschland einer solchen entgegen.<\/p>\n<figure id=\"attachment_3808\" aria-describedby=\"caption-attachment-3808\" style=\"width: 535px\" class=\"wp-caption aligncenter\"><a href=\"https:\/\/fdp-aktiv.de\/blog\/wp-content\/uploads\/2022\/01\/2022-01-08-20_54_02-WhatsApp.png\"><img loading=\"lazy\" decoding=\"async\" class=\"size-full wp-image-3808\" src=\"https:\/\/fdp-aktiv.de\/blog\/wp-content\/uploads\/2022\/01\/2022-01-08-20_54_02-WhatsApp.png\" alt=\"\" width=\"535\" height=\"438\" srcset=\"https:\/\/fdp-aktiv.de\/blog\/wp-content\/uploads\/2022\/01\/2022-01-08-20_54_02-WhatsApp.png 535w, https:\/\/fdp-aktiv.de\/blog\/wp-content\/uploads\/2022\/01\/2022-01-08-20_54_02-WhatsApp-300x246.png 300w\" sizes=\"auto, (max-width: 535px) 100vw, 535px\" \/><\/a><figcaption id=\"caption-attachment-3808\" class=\"wp-caption-text\">Alexander Buschner<\/figcaption><\/figure>\n<p>Der Stralsunder Alexander Buschner bef\u00fcrwortet dies: \u201eEine allgemeine Impfpflicht ist ein unzumutbarer Eingriff in die Freiheitsrechte unserer B\u00fcrger. Wir sehen uns durch die aktuellen Entwicklungen darin best\u00e4rkt, dass die Freien Demokraten einen Mitgliederentscheid gegen die allgemeine Impfplicht durchf\u00fchren sollten.\u201c<\/p>\n<p>Es bleibt abzuwarten, wie die Bundesregierung auf die ver\u00e4nderte gesellschaftliche Lage reagiert.<\/p>\n","protected":false},"excerpt":{"rendered":"<p>Nachdem bereits ein Landesverband der FDP mit \u00fcberw\u00e4ltigender Mehrheit einen Antrag auf eine allgemeine Corona-Impfpflicht abgelehnt hat, stellen sich nun auch erste Kreisverb\u00e4nde aus Norddeutschland einer solchen entgegen. Der Stralsunder [&#8230;]<\/p>\n","protected":false},"author":1,"featured_media":0,"comment_status":"open","ping_status":"closed","sticky":false,"template":"","format":"standard","meta":{"footnotes":""},"categories":[4,6],"tags":[1797,291],"class_list":["post-3806","post","type-post","status-publish","format-standard","hentry","category-covid-19","category-politik","tag-alexander-buschner","tag-impfpflicht"],"_links":{"self":[{"href":"https:\/\/fdp-aktiv.de\/blog\/wp-json\/wp\/v2\/posts\/3806","targetHints":{"allow":["GET"]}}],"collection":[{"href":"https:\/\/fdp-aktiv.de\/blog\/wp-json\/wp\/v2\/posts"}],"about":[{"href":"https:\/\/fdp-aktiv.de\/blog\/wp-json\/wp\/v2\/types\/post"}],"author":[{"embeddable":true,"href":"https:\/\/fdp-aktiv.de\/blog\/wp-json\/wp\/v2\/users\/1"}],"replies":[{"embeddable":true,"href":"https:\/\/fdp-aktiv.de\/blog\/wp-json\/wp\/v2\/comments?post=3806"}],"version-history":[{"count":3,"href":"https:\/\/fdp-aktiv.de\/blog\/wp-json\/wp\/v2\/posts\/3806\/revisions"}],"predecessor-version":[{"id":3810,"href":"https:\/\/fdp-aktiv.de\/blog\/wp-json\/wp\/v2\/posts\/3806\/revisions\/3810"}],"wp:attachment":[{"href":"https:\/\/fdp-aktiv.de\/blog\/wp-json\/wp\/v2\/media?parent=3806"}],"wp:term":[{"taxonomy":"category","embeddable":true,"href":"https:\/\/fdp-aktiv.de\/blog\/wp-json\/wp\/v2\/categories?post=3806"},{"taxonomy":"post_tag","embeddable":true,"href":"https:\/\/fdp-aktiv.de\/blog\/wp-json\/wp\/v2\/tags?post=3806"}],"curies":[{"name":"wp","href":"https:\/\/api.w.org\/{rel}","templated":true}]}}