{"id":3843,"date":"2022-01-11T21:45:19","date_gmt":"2022-01-11T20:45:19","guid":{"rendered":"https:\/\/fdp-aktiv.de\/blog\/?p=3843"},"modified":"2022-01-11T21:47:36","modified_gmt":"2022-01-11T20:47:36","slug":"niedersachsen-christian-grascha-zur-umstellung-der-schuldenuhr","status":"publish","type":"post","link":"https:\/\/fdp-aktiv.de\/blog\/2022\/01\/11\/niedersachsen-christian-grascha-zur-umstellung-der-schuldenuhr\/","title":{"rendered":"Niedersachsen: Christian Grascha zur Umstellung der Schuldenuhr"},"content":{"rendered":"<div class=\"clearfix text-formatted field field--name-body field--type-text-with-summary field--label-hidden field__item\">\n<p>Der Bund der Steuerzahler stellte am heutigen Dienstag die nieders\u00e4chsische Schuldenuhr um. Dazu erkl\u00e4rt der finanz- und haushaltspolitische Sprecher der FDP-Fraktion im Nieders\u00e4chsischen Landtag, Christian Grascha:<\/p>\n<p><img decoding=\"async\" src=\"https:\/\/www.kreiszeitung.de\/bilder\/2017\/01\/03\/7189614\/828316895-bund-steuerzahler-stoppt-schuldenuhr-niedersachsen-1bjC41kea.jpg\" alt=\"Bund der Steuerzahler stoppt Schuldenuhr in Hannover | Niedersachsen\" \/><\/p>\n<p>\u201eDass es schon ein Grund zum Feiern zu sein scheint, wenn die Landesregierung keine neuen Schulden aufnimmt und so die Verfassung einh\u00e4lt, macht deutlich, in welchem schwierigen Zustand die Gro\u00dfe Koalition in Niedersachsen ist. Die Uneinigkeit zwischen Ministerpr\u00e4sident Weil, der die Schuldenbremse am liebsten loswerden m\u00f6chte, und Minister Hilbers, dem au\u00dfer der Schuldenbremse nichts einf\u00e4llt, hat dazu gef\u00fchrt, dass in Niedersachsen vieles liegen geblieben ist. Inzwischen blicken wir in Niedersachsen auf einen Modernisierungsbedarf im Umfang von mindestens 10 Milliarden Euro. Wir Freie Demokraten haben eine Strategie vorgelegt, wie wir eine kontinuierliche Modernisierung der \u00f6ffentlichen Geb\u00e4ude und Infrastruktur schaffen, ohne neue Staatsschulen aufzunehmen. Wir wollen die Modernisierung des Landes mit Modernisierungspartnerschaften, dem Umbau der NBank zu einer Investitionsagentur und einem Modernisierungsfonds. Auf konstruktive Vorschl\u00e4ge der Regierungskoalition warten wir bislang noch.\u201c<\/p>\n<\/div>\n","protected":false},"excerpt":{"rendered":"<p>Der Bund der Steuerzahler stellte am heutigen Dienstag die nieders\u00e4chsische Schuldenuhr um. Dazu erkl\u00e4rt der finanz- und haushaltspolitische Sprecher der FDP-Fraktion im Nieders\u00e4chsischen Landtag, Christian Grascha: \u201eDass es schon ein [&#8230;]<\/p>\n","protected":false},"author":1,"featured_media":0,"comment_status":"open","ping_status":"closed","sticky":false,"template":"","format":"standard","meta":{"footnotes":""},"categories":[55],"tags":[1625,638,1830],"class_list":["post-3843","post","type-post","status-publish","format-standard","hentry","category-finanzen","tag-christian-grascha","tag-fdp-nds","tag-schuldenuhr"],"_links":{"self":[{"href":"https:\/\/fdp-aktiv.de\/blog\/wp-json\/wp\/v2\/posts\/3843","targetHints":{"allow":["GET"]}}],"collection":[{"href":"https:\/\/fdp-aktiv.de\/blog\/wp-json\/wp\/v2\/posts"}],"about":[{"href":"https:\/\/fdp-aktiv.de\/blog\/wp-json\/wp\/v2\/types\/post"}],"author":[{"embeddable":true,"href":"https:\/\/fdp-aktiv.de\/blog\/wp-json\/wp\/v2\/users\/1"}],"replies":[{"embeddable":true,"href":"https:\/\/fdp-aktiv.de\/blog\/wp-json\/wp\/v2\/comments?post=3843"}],"version-history":[{"count":1,"href":"https:\/\/fdp-aktiv.de\/blog\/wp-json\/wp\/v2\/posts\/3843\/revisions"}],"predecessor-version":[{"id":3844,"href":"https:\/\/fdp-aktiv.de\/blog\/wp-json\/wp\/v2\/posts\/3843\/revisions\/3844"}],"wp:attachment":[{"href":"https:\/\/fdp-aktiv.de\/blog\/wp-json\/wp\/v2\/media?parent=3843"}],"wp:term":[{"taxonomy":"category","embeddable":true,"href":"https:\/\/fdp-aktiv.de\/blog\/wp-json\/wp\/v2\/categories?post=3843"},{"taxonomy":"post_tag","embeddable":true,"href":"https:\/\/fdp-aktiv.de\/blog\/wp-json\/wp\/v2\/tags?post=3843"}],"curies":[{"name":"wp","href":"https:\/\/api.w.org\/{rel}","templated":true}]}}