{"id":3854,"date":"2022-01-12T18:41:35","date_gmt":"2022-01-12T17:41:35","guid":{"rendered":"https:\/\/fdp-aktiv.de\/blog\/?p=3854"},"modified":"2022-01-12T18:42:09","modified_gmt":"2022-01-12T17:42:09","slug":"schweickert-sonderbelastungen-fuer-gastronomie-und-einzelhandel-muss-ein-ende-haben","status":"publish","type":"post","link":"https:\/\/fdp-aktiv.de\/blog\/2022\/01\/12\/schweickert-sonderbelastungen-fuer-gastronomie-und-einzelhandel-muss-ein-ende-haben\/","title":{"rendered":"Schweickert: Sonderbelastungen f\u00fcr Gastronomie und Einzelhandel muss ein Ende haben"},"content":{"rendered":"<p>FFP2-Maskenpflicht und deren Durchsetzung muss f\u00fcr alle Bereiche gelten<\/p>\n<figure id=\"attachment_3645\" aria-describedby=\"caption-attachment-3645\" style=\"width: 1280px\" class=\"wp-caption aligncenter\"><a href=\"https:\/\/fdp-aktiv.de\/blog\/wp-content\/uploads\/2021\/12\/table-3084384_1280.jpg\"><img loading=\"lazy\" decoding=\"async\" class=\"size-full wp-image-3645\" src=\"https:\/\/fdp-aktiv.de\/blog\/wp-content\/uploads\/2021\/12\/table-3084384_1280.jpg\" alt=\"\" width=\"1280\" height=\"851\" srcset=\"https:\/\/fdp-aktiv.de\/blog\/wp-content\/uploads\/2021\/12\/table-3084384_1280.jpg 1280w, https:\/\/fdp-aktiv.de\/blog\/wp-content\/uploads\/2021\/12\/table-3084384_1280-300x199.jpg 300w, https:\/\/fdp-aktiv.de\/blog\/wp-content\/uploads\/2021\/12\/table-3084384_1280-1024x681.jpg 1024w, https:\/\/fdp-aktiv.de\/blog\/wp-content\/uploads\/2021\/12\/table-3084384_1280-768x511.jpg 768w\" sizes=\"auto, (max-width: 1280px) 100vw, 1280px\" \/><\/a><figcaption id=\"caption-attachment-3645\" class=\"wp-caption-text\">Bild von <a href=\"https:\/\/pixabay.com\/de\/users\/mosiunterwegs-7134593\/?utm_source=link-attribution&amp;utm_medium=referral&amp;utm_campaign=image&amp;utm_content=3084384\">werner moser<\/a> auf <a href=\"https:\/\/pixabay.com\/de\/?utm_source=link-attribution&amp;utm_medium=referral&amp;utm_campaign=image&amp;utm_content=3084384\">Pixabay<\/a><\/figcaption><\/figure>\n<p>Prof. Dr. Erik Schweickert,\u00a0einzelhandels- und tourismuspolitischer Sprecher der FDP\/DVP-Fraktion\u00a0im Landtag von Baden-W\u00fcrttemberg, kommentiert die neueste \u00dcberarbeitung der Corona-Verordnung:<\/p>\n<p>&nbsp;<\/p>\n<p>\u201eDie neue Corona-Verordnung der Landesregierung belastet erneut einseitig den Einzelhandel und die Gastronomie. Dort wird zuk\u00fcnftig eine FFP2-Maskenpflicht gelten und diese wird von den Unternehmen durchgesetzt werden m\u00fcssen \u2013 der \u00d6PNV hingegen wird davon befreit sein. Einmal mehr handelt die Landesregierung hier inkonsistent und widerspr\u00fcchlich. Ich fordere daher gleiche Regelungen f\u00fcr alle Bereiche anstatt Sonderopfer von Einzelbranchen.<\/p>\n<p>&nbsp;<\/p>\n<p>\u00c4hnlich verh\u00e4lt es sich mit der Sperrstunde ab 22.30 Uhr in der Gastronomie. Wenn eine Kneipe vor 22.30 Uhr Corona-konform ist, ist sie es nach 22.30 Uhr auch. Hier handelt es sich nicht um sinnvolle Pandemie-Bek\u00e4mpfung, sondern Symbolpolitik auf den R\u00fccken der Gastronomen und ihrer Kunden. Die einseitige Belastung einzelner Bereiche muss ein Ende haben \u2013 die Pandemie betrifft alle, daher m\u00fcssen auch alle gleichbehandelt werden!\u201c<\/p>\n<p>&nbsp;<\/p>\n<p>&nbsp;<\/p>\n<p>&nbsp;<\/p>\n<p>&nbsp;<\/p>\n","protected":false},"excerpt":{"rendered":"<p>FFP2-Maskenpflicht und deren Durchsetzung muss f\u00fcr alle Bereiche gelten Prof. Dr. Erik Schweickert,\u00a0einzelhandels- und tourismuspolitischer Sprecher der FDP\/DVP-Fraktion\u00a0im Landtag von Baden-W\u00fcrttemberg, kommentiert die neueste \u00dcberarbeitung der Corona-Verordnung: &nbsp; \u201eDie neue [&#8230;]<\/p>\n","protected":false},"author":1,"featured_media":0,"comment_status":"open","ping_status":"closed","sticky":false,"template":"","format":"standard","meta":{"footnotes":""},"categories":[4,8],"tags":[16,937,961,650,313,894,1452],"class_list":["post-3854","post","type-post","status-publish","format-standard","hentry","category-covid-19","category-wirtschaft","tag-corona","tag-covid19","tag-einzelhandel","tag-fdp-dvp","tag-gastronomie","tag-maskenpflicht","tag-prof-dr-erik-schweickert"],"_links":{"self":[{"href":"https:\/\/fdp-aktiv.de\/blog\/wp-json\/wp\/v2\/posts\/3854","targetHints":{"allow":["GET"]}}],"collection":[{"href":"https:\/\/fdp-aktiv.de\/blog\/wp-json\/wp\/v2\/posts"}],"about":[{"href":"https:\/\/fdp-aktiv.de\/blog\/wp-json\/wp\/v2\/types\/post"}],"author":[{"embeddable":true,"href":"https:\/\/fdp-aktiv.de\/blog\/wp-json\/wp\/v2\/users\/1"}],"replies":[{"embeddable":true,"href":"https:\/\/fdp-aktiv.de\/blog\/wp-json\/wp\/v2\/comments?post=3854"}],"version-history":[{"count":1,"href":"https:\/\/fdp-aktiv.de\/blog\/wp-json\/wp\/v2\/posts\/3854\/revisions"}],"predecessor-version":[{"id":3855,"href":"https:\/\/fdp-aktiv.de\/blog\/wp-json\/wp\/v2\/posts\/3854\/revisions\/3855"}],"wp:attachment":[{"href":"https:\/\/fdp-aktiv.de\/blog\/wp-json\/wp\/v2\/media?parent=3854"}],"wp:term":[{"taxonomy":"category","embeddable":true,"href":"https:\/\/fdp-aktiv.de\/blog\/wp-json\/wp\/v2\/categories?post=3854"},{"taxonomy":"post_tag","embeddable":true,"href":"https:\/\/fdp-aktiv.de\/blog\/wp-json\/wp\/v2\/tags?post=3854"}],"curies":[{"name":"wp","href":"https:\/\/api.w.org\/{rel}","templated":true}]}}