{"id":3890,"date":"2022-01-15T08:08:48","date_gmt":"2022-01-15T07:08:48","guid":{"rendered":"https:\/\/fdp-aktiv.de\/blog\/?p=3890"},"modified":"2022-01-15T14:30:19","modified_gmt":"2022-01-15T13:30:19","slug":"fdp-kreisverband-stralsund-fuer-eine-freie-impfentscheidung","status":"publish","type":"post","link":"https:\/\/fdp-aktiv.de\/blog\/2022\/01\/15\/fdp-kreisverband-stralsund-fuer-eine-freie-impfentscheidung\/","title":{"rendered":"FDP-Kreisverband Stralsund f\u00fcr eine freie Impfentscheidung"},"content":{"rendered":"<p>Die FDP Stralsund hat sich f\u00fcr eine freie Impfentscheidung bei Impfstoffen gegen das Coronavirus positioniert. Der Kreisverband h\u00e4lt einen Impfzwang mittels Bu\u00dfgelder oder einer systematischen Ausgrenzung der Ungeimpften durch 2G oder 2G+ f\u00fcr unverh\u00e4ltnism\u00e4\u00dfig. Insbesondere Kinder sollten nicht zu einer Impfung gen\u00f6tigt werden. Gerade angesichts der milder verlaufenden Omikron- Variante sollte eine komplette \u00d6ffnung des Landes unter Hygienema\u00dfnahmen erfolgen.<\/p>\n<figure id=\"attachment_3916\" aria-describedby=\"caption-attachment-3916\" style=\"width: 1169px\" class=\"wp-caption aligncenter\"><a href=\"https:\/\/fdp-aktiv.de\/blog\/wp-content\/uploads\/2022\/01\/Bild-6.jpg\"><img loading=\"lazy\" decoding=\"async\" class=\"size-full wp-image-3916\" src=\"https:\/\/fdp-aktiv.de\/blog\/wp-content\/uploads\/2022\/01\/Bild-6.jpg\" alt=\"\" width=\"1169\" height=\"658\" srcset=\"https:\/\/fdp-aktiv.de\/blog\/wp-content\/uploads\/2022\/01\/Bild-6.jpg 1169w, https:\/\/fdp-aktiv.de\/blog\/wp-content\/uploads\/2022\/01\/Bild-6-300x169.jpg 300w, https:\/\/fdp-aktiv.de\/blog\/wp-content\/uploads\/2022\/01\/Bild-6-1024x576.jpg 1024w, https:\/\/fdp-aktiv.de\/blog\/wp-content\/uploads\/2022\/01\/Bild-6-768x432.jpg 768w\" sizes=\"auto, (max-width: 1169px) 100vw, 1169px\" \/><\/a><figcaption id=\"caption-attachment-3916\" class=\"wp-caption-text\">Alexander Buschner<\/figcaption><\/figure>\n<p>Alexander Buschner ist erfreut \u00fcber die Entscheidung seines Kreisverbandes: \u201eDie Entscheidung des Kreisverbands, sich aus Liebe zur Freiheit gegen eine Impfpflicht zu positionieren, kann ich nur unterst\u00fctzen. Auch 2G und 2G+ sind lediglich unzul\u00e4ssige Mittel zur Druckaus\u00fcbung auf ungeimpfte B\u00fcrger und bieten keinen nennenswerten Infektionsschutz. Es ist dringend notwendig, dass wir im Sinne unserer freiheitlichen Grundordnung autorit\u00e4re und symbolpolitische Ma\u00dfnahmen hinter uns lassen.\u201c<\/p>\n","protected":false},"excerpt":{"rendered":"<p>Die FDP Stralsund hat sich f\u00fcr eine freie Impfentscheidung bei Impfstoffen gegen das Coronavirus positioniert. Der Kreisverband h\u00e4lt einen Impfzwang mittels Bu\u00dfgelder oder einer systematischen Ausgrenzung der Ungeimpften durch 2G [&#8230;]<\/p>\n","protected":false},"author":1,"featured_media":0,"comment_status":"open","ping_status":"closed","sticky":false,"template":"","format":"standard","meta":{"footnotes":""},"categories":[4],"tags":[1797,13,291],"class_list":["post-3890","post","type-post","status-publish","format-standard","hentry","category-covid-19","tag-alexander-buschner","tag-fdp","tag-impfpflicht"],"_links":{"self":[{"href":"https:\/\/fdp-aktiv.de\/blog\/wp-json\/wp\/v2\/posts\/3890","targetHints":{"allow":["GET"]}}],"collection":[{"href":"https:\/\/fdp-aktiv.de\/blog\/wp-json\/wp\/v2\/posts"}],"about":[{"href":"https:\/\/fdp-aktiv.de\/blog\/wp-json\/wp\/v2\/types\/post"}],"author":[{"embeddable":true,"href":"https:\/\/fdp-aktiv.de\/blog\/wp-json\/wp\/v2\/users\/1"}],"replies":[{"embeddable":true,"href":"https:\/\/fdp-aktiv.de\/blog\/wp-json\/wp\/v2\/comments?post=3890"}],"version-history":[{"count":3,"href":"https:\/\/fdp-aktiv.de\/blog\/wp-json\/wp\/v2\/posts\/3890\/revisions"}],"predecessor-version":[{"id":3917,"href":"https:\/\/fdp-aktiv.de\/blog\/wp-json\/wp\/v2\/posts\/3890\/revisions\/3917"}],"wp:attachment":[{"href":"https:\/\/fdp-aktiv.de\/blog\/wp-json\/wp\/v2\/media?parent=3890"}],"wp:term":[{"taxonomy":"category","embeddable":true,"href":"https:\/\/fdp-aktiv.de\/blog\/wp-json\/wp\/v2\/categories?post=3890"},{"taxonomy":"post_tag","embeddable":true,"href":"https:\/\/fdp-aktiv.de\/blog\/wp-json\/wp\/v2\/tags?post=3890"}],"curies":[{"name":"wp","href":"https:\/\/api.w.org\/{rel}","templated":true}]}}