{"id":3892,"date":"2022-01-15T08:15:16","date_gmt":"2022-01-15T07:15:16","guid":{"rendered":"https:\/\/fdp-aktiv.de\/blog\/?p=3892"},"modified":"2022-01-15T08:15:16","modified_gmt":"2022-01-15T07:15:16","slug":"ruelke-schwarz-soll-vorschlag-fuer-impfpflicht-auf-den-tisch-legen","status":"publish","type":"post","link":"https:\/\/fdp-aktiv.de\/blog\/2022\/01\/15\/ruelke-schwarz-soll-vorschlag-fuer-impfpflicht-auf-den-tisch-legen\/","title":{"rendered":"R\u00fclke: Schwarz soll Vorschlag f\u00fcr Impfpflicht auf den Tisch legen"},"content":{"rendered":"<p>Zu dpa lsw &#8211; Gr\u00fcnen-Fraktionschef Schwarz: R\u00fclke ohne \u00abRegierungsblut\u00bb<\/p>\n<p>Zur scharfen Kritik des Gr\u00fcnen-Fraktionsvorsitzenden Andreas Schwarz an der Haltung der FDP-Landtagsfraktion beim Thema Impfpflicht bezieht der Fraktionsvorsitzende, <strong>Dr. Hans-Ulrich-R\u00fclke,<\/strong> Stellung:<\/p>\n<figure id=\"attachment_1526\" aria-describedby=\"caption-attachment-1526\" style=\"width: 1030px\" class=\"wp-caption aligncenter\"><a href=\"https:\/\/fdp-aktiv.de\/blog\/wp-content\/uploads\/2021\/06\/Dr._Hans_Ulrich_Ruelke_FDP_BW.jpg\"><img loading=\"lazy\" decoding=\"async\" class=\"size-full wp-image-1526\" src=\"https:\/\/fdp-aktiv.de\/blog\/wp-content\/uploads\/2021\/06\/Dr._Hans_Ulrich_Ruelke_FDP_BW.jpg\" alt=\"Dr. Hans Ulrich R\u00fclke\" width=\"1030\" height=\"686\" srcset=\"https:\/\/fdp-aktiv.de\/blog\/wp-content\/uploads\/2021\/06\/Dr._Hans_Ulrich_Ruelke_FDP_BW.jpg 1030w, https:\/\/fdp-aktiv.de\/blog\/wp-content\/uploads\/2021\/06\/Dr._Hans_Ulrich_Ruelke_FDP_BW-300x200.jpg 300w, https:\/\/fdp-aktiv.de\/blog\/wp-content\/uploads\/2021\/06\/Dr._Hans_Ulrich_Ruelke_FDP_BW-1024x682.jpg 1024w, https:\/\/fdp-aktiv.de\/blog\/wp-content\/uploads\/2021\/06\/Dr._Hans_Ulrich_Ruelke_FDP_BW-768x512.jpg 768w\" sizes=\"auto, (max-width: 1030px) 100vw, 1030px\" \/><\/a><figcaption id=\"caption-attachment-1526\" class=\"wp-caption-text\">Dr. Hans Ulrich R\u00fclke<\/figcaption><\/figure>\n<p>\u201eWenn der Fraktionsvorsitzende Schwarz der Meinung ist, \u201aRegierungsblut\u2018 habe derjenige mit einem rechtssicheren und effizienten Umsetzungsvorschlag f\u00fcr eine allgemeine Impfpflicht, dann soll er es beweisen und diesen bitte auf den Tisch legen!\u201c<\/p>\n","protected":false},"excerpt":{"rendered":"<p>Zu dpa lsw &#8211; Gr\u00fcnen-Fraktionschef Schwarz: R\u00fclke ohne \u00abRegierungsblut\u00bb Zur scharfen Kritik des Gr\u00fcnen-Fraktionsvorsitzenden Andreas Schwarz an der Haltung der FDP-Landtagsfraktion beim Thema Impfpflicht bezieht der Fraktionsvorsitzende, Dr. Hans-Ulrich-R\u00fclke, Stellung: [&#8230;]<\/p>\n","protected":false},"author":1,"featured_media":0,"comment_status":"open","ping_status":"closed","sticky":false,"template":"","format":"standard","meta":{"footnotes":""},"categories":[4],"tags":[842,291],"class_list":["post-3892","post","type-post","status-publish","format-standard","hentry","category-covid-19","tag-dr-hans-ulrich-ruelke","tag-impfpflicht"],"_links":{"self":[{"href":"https:\/\/fdp-aktiv.de\/blog\/wp-json\/wp\/v2\/posts\/3892","targetHints":{"allow":["GET"]}}],"collection":[{"href":"https:\/\/fdp-aktiv.de\/blog\/wp-json\/wp\/v2\/posts"}],"about":[{"href":"https:\/\/fdp-aktiv.de\/blog\/wp-json\/wp\/v2\/types\/post"}],"author":[{"embeddable":true,"href":"https:\/\/fdp-aktiv.de\/blog\/wp-json\/wp\/v2\/users\/1"}],"replies":[{"embeddable":true,"href":"https:\/\/fdp-aktiv.de\/blog\/wp-json\/wp\/v2\/comments?post=3892"}],"version-history":[{"count":1,"href":"https:\/\/fdp-aktiv.de\/blog\/wp-json\/wp\/v2\/posts\/3892\/revisions"}],"predecessor-version":[{"id":3893,"href":"https:\/\/fdp-aktiv.de\/blog\/wp-json\/wp\/v2\/posts\/3892\/revisions\/3893"}],"wp:attachment":[{"href":"https:\/\/fdp-aktiv.de\/blog\/wp-json\/wp\/v2\/media?parent=3892"}],"wp:term":[{"taxonomy":"category","embeddable":true,"href":"https:\/\/fdp-aktiv.de\/blog\/wp-json\/wp\/v2\/categories?post=3892"},{"taxonomy":"post_tag","embeddable":true,"href":"https:\/\/fdp-aktiv.de\/blog\/wp-json\/wp\/v2\/tags?post=3892"}],"curies":[{"name":"wp","href":"https:\/\/api.w.org\/{rel}","templated":true}]}}