{"id":4097,"date":"2022-01-25T14:53:04","date_gmt":"2022-01-25T13:53:04","guid":{"rendered":"https:\/\/fdp-aktiv.de\/blog\/?p=4097"},"modified":"2022-01-25T14:53:04","modified_gmt":"2022-01-25T13:53:04","slug":"baden-wuerttemberg-minister-lucha-fehlt-jedes-rechtsverstaendnis-bei-der-einfuehrung-eines-impfregisters","status":"publish","type":"post","link":"https:\/\/fdp-aktiv.de\/blog\/2022\/01\/25\/baden-wuerttemberg-minister-lucha-fehlt-jedes-rechtsverstaendnis-bei-der-einfuehrung-eines-impfregisters\/","title":{"rendered":"Baden-W\u00fcrttemberg: Minister Lucha fehlt jedes Rechtsverst\u00e4ndnis bei der Einf\u00fchrung eines Impfregisters"},"content":{"rendered":"<p>eder Impfregister, noch Impfpflicht in aktueller Situation angemessen<\/p>\n<figure id=\"attachment_1526\" aria-describedby=\"caption-attachment-1526\" style=\"width: 1030px\" class=\"wp-caption aligncenter\"><a href=\"https:\/\/fdp-aktiv.de\/blog\/wp-content\/uploads\/2021\/06\/Dr._Hans_Ulrich_Ruelke_FDP_BW.jpg\"><img loading=\"lazy\" decoding=\"async\" class=\"size-full wp-image-1526\" src=\"https:\/\/fdp-aktiv.de\/blog\/wp-content\/uploads\/2021\/06\/Dr._Hans_Ulrich_Ruelke_FDP_BW.jpg\" alt=\"Dr. Hans Ulrich R\u00fclke\" width=\"1030\" height=\"686\" srcset=\"https:\/\/fdp-aktiv.de\/blog\/wp-content\/uploads\/2021\/06\/Dr._Hans_Ulrich_Ruelke_FDP_BW.jpg 1030w, https:\/\/fdp-aktiv.de\/blog\/wp-content\/uploads\/2021\/06\/Dr._Hans_Ulrich_Ruelke_FDP_BW-300x200.jpg 300w, https:\/\/fdp-aktiv.de\/blog\/wp-content\/uploads\/2021\/06\/Dr._Hans_Ulrich_Ruelke_FDP_BW-1024x682.jpg 1024w, https:\/\/fdp-aktiv.de\/blog\/wp-content\/uploads\/2021\/06\/Dr._Hans_Ulrich_Ruelke_FDP_BW-768x512.jpg 768w\" sizes=\"auto, (max-width: 1030px) 100vw, 1030px\" \/><\/a><figcaption id=\"caption-attachment-1526\" class=\"wp-caption-text\">Dr. Hans Ulrich R\u00fclke<\/figcaption><\/figure>\n<p>Zur Berichterstattung im Nachgang eines Fachgespr\u00e4chs der baden-w\u00fcrttembergischen Landesvertretung im Bund zur Umsetzung einer Impfpflicht u.a. mit Beteiligung von Minister Lucha sagt <strong>Dr. Hans-Ulrich R\u00fclke<\/strong>, Vorsitzender der FDP\/DVP-Fraktion im baden-w\u00fcrttembergischen Landtag:<\/p>\n<p>\u201cMinister Lucha fehlt offenbar jegliches Rechtsverst\u00e4ndnis \u2013 die Impfpflicht mit einer Gurtpflicht zu vergleichen ist v\u00f6llig absurd. Was die Altv\u00e4terkoalition hier vorschl\u00e4gt, ist die Schaffung eines b\u00fcrokratischen Datengrabs, das f\u00fcr ein verfassunsgrechtlich und epidemiologisch fragw\u00fcrdiges Instrument geschaffen werden soll, das voraussichtlich gar nicht kommen wird.<\/p>\n<p>Die Landesregierung z\u00e4umt das Pferd hier von hinten auf. Erst sollten grundrechtliche Details einer allgemeinen Impfpflicht gekl\u00e4rt werden, bevor parallel ein Impfregister eingef\u00fchrt wird. Wenn ehemalige Bundesverfassungsrichter die Verh\u00e4ltnism\u00e4\u00dfigkeit einer allgemeinen Impfpflicht und Stiko-Chef Thomas Mertens deren Wirksamkeit in der Pandemie-Bek\u00e4mpfung bezweifeln, sollten wir diese Bedenken ernst nehmen.<\/p>\n<p>Wenn Minister Lucha ein Impfregister auch ohne Impfpflicht einf\u00fchrt, k\u00f6nnte das wie bei der luca App enden, die letztendlich f\u00fcr ganz andere Zwecke genutzt wird. Auch der Landesdaten-schutzbeauftragte sieht ein solches Impfregister kritisch. Bisher gr\u00fcnden sich die Vorschl\u00e4ge der Landesregierung nur auf einem juristischen Gutachten, das die Verfassungsrechtlichkeit best\u00e4tigt, nicht auf einem Urteil. Wenn politische Regelungen erneut von einem Gericht zur\u00fcck gewiesen werden m\u00fcssen, steigert das nicht gerade das Vertrauen von B\u00fcrgerinnen und B\u00fcrgern in die Politik. Das w\u00e4re ein Konjunkturprogramm f\u00fcr Verschw\u00f6rungstheoretiker.\u201d<\/p>\n<p><strong>Jochen Hau\u00dfmann<\/strong>, gesundheitspolitischer Sprecher, erg\u00e4nzt:<\/p>\n<figure id=\"attachment_1641\" aria-describedby=\"caption-attachment-1641\" style=\"width: 1920px\" class=\"wp-caption aligncenter\"><a href=\"https:\/\/fdp-aktiv.de\/blog\/wp-content\/uploads\/2021\/06\/web-190226_fdp_haussmann_0469_final_03.jpg\"><img loading=\"lazy\" decoding=\"async\" class=\"size-full wp-image-1641\" src=\"https:\/\/fdp-aktiv.de\/blog\/wp-content\/uploads\/2021\/06\/web-190226_fdp_haussmann_0469_final_03.jpg\" alt=\"Jochen Hau\u00dfmann\" width=\"1920\" height=\"1280\" srcset=\"https:\/\/fdp-aktiv.de\/blog\/wp-content\/uploads\/2021\/06\/web-190226_fdp_haussmann_0469_final_03.jpg 1920w, https:\/\/fdp-aktiv.de\/blog\/wp-content\/uploads\/2021\/06\/web-190226_fdp_haussmann_0469_final_03-300x200.jpg 300w, https:\/\/fdp-aktiv.de\/blog\/wp-content\/uploads\/2021\/06\/web-190226_fdp_haussmann_0469_final_03-1024x683.jpg 1024w, https:\/\/fdp-aktiv.de\/blog\/wp-content\/uploads\/2021\/06\/web-190226_fdp_haussmann_0469_final_03-768x512.jpg 768w, https:\/\/fdp-aktiv.de\/blog\/wp-content\/uploads\/2021\/06\/web-190226_fdp_haussmann_0469_final_03-1536x1024.jpg 1536w\" sizes=\"auto, (max-width: 1920px) 100vw, 1920px\" \/><\/a><figcaption id=\"caption-attachment-1641\" class=\"wp-caption-text\">Jochen Hau\u00dfmann, FDP\/ DVP Fraktion<\/figcaption><\/figure>\n<p>\u201cZentrale Antworten zur Laufzeit eines solchen Impfregisters, zur Zahl der ben\u00f6tigten Impfungen und der Zust\u00e4ndigkeit f\u00fcr die erw\u00e4hnten Stichproben bleibt Minister Lucha schuldig. Es bedarf jetzt vielmehr einer intensiven Impfkampagne und der Aussch\u00f6pfung wirklich aller M\u00f6glichkeiten, bevor man eine Impfpflicht andenkt. Die Landesregierung muss jetzt erstmal alles daran setzen, ihre Impfkampagne zu intensivieren.\u201c<\/p>\n","protected":false},"excerpt":{"rendered":"<p>eder Impfregister, noch Impfpflicht in aktueller Situation angemessen Zur Berichterstattung im Nachgang eines Fachgespr\u00e4chs der baden-w\u00fcrttembergischen Landesvertretung im Bund zur Umsetzung einer Impfpflicht u.a. mit Beteiligung von Minister Lucha sagt [&#8230;]<\/p>\n","protected":false},"author":1,"featured_media":0,"comment_status":"open","ping_status":"closed","sticky":false,"template":"","format":"standard","meta":{"footnotes":""},"categories":[4,68],"tags":[842,650,291,1885,1343],"class_list":["post-4097","post","type-post","status-publish","format-standard","hentry","category-covid-19","category-digital","tag-dr-hans-ulrich-ruelke","tag-fdp-dvp","tag-impfpflicht","tag-impfregister","tag-jochen-haussmann"],"_links":{"self":[{"href":"https:\/\/fdp-aktiv.de\/blog\/wp-json\/wp\/v2\/posts\/4097","targetHints":{"allow":["GET"]}}],"collection":[{"href":"https:\/\/fdp-aktiv.de\/blog\/wp-json\/wp\/v2\/posts"}],"about":[{"href":"https:\/\/fdp-aktiv.de\/blog\/wp-json\/wp\/v2\/types\/post"}],"author":[{"embeddable":true,"href":"https:\/\/fdp-aktiv.de\/blog\/wp-json\/wp\/v2\/users\/1"}],"replies":[{"embeddable":true,"href":"https:\/\/fdp-aktiv.de\/blog\/wp-json\/wp\/v2\/comments?post=4097"}],"version-history":[{"count":1,"href":"https:\/\/fdp-aktiv.de\/blog\/wp-json\/wp\/v2\/posts\/4097\/revisions"}],"predecessor-version":[{"id":4098,"href":"https:\/\/fdp-aktiv.de\/blog\/wp-json\/wp\/v2\/posts\/4097\/revisions\/4098"}],"wp:attachment":[{"href":"https:\/\/fdp-aktiv.de\/blog\/wp-json\/wp\/v2\/media?parent=4097"}],"wp:term":[{"taxonomy":"category","embeddable":true,"href":"https:\/\/fdp-aktiv.de\/blog\/wp-json\/wp\/v2\/categories?post=4097"},{"taxonomy":"post_tag","embeddable":true,"href":"https:\/\/fdp-aktiv.de\/blog\/wp-json\/wp\/v2\/tags?post=4097"}],"curies":[{"name":"wp","href":"https:\/\/api.w.org\/{rel}","templated":true}]}}