{"id":4150,"date":"2022-01-27T07:23:40","date_gmt":"2022-01-27T06:23:40","guid":{"rendered":"https:\/\/fdp-aktiv.de\/blog\/?p=4150"},"modified":"2022-09-21T06:27:04","modified_gmt":"2022-09-21T04:27:04","slug":"statement-ingo-bodke-zur-impfpflicht","status":"publish","type":"post","link":"https:\/\/fdp-aktiv.de\/blog\/2022\/01\/27\/statement-ingo-bodke-zur-impfpflicht\/","title":{"rendered":"Statement: Ingo Bodke zur Impfpflicht"},"content":{"rendered":"<figure id=\"attachment_4151\" aria-describedby=\"caption-attachment-4151\" style=\"width: 794px\" class=\"wp-caption aligncenter\"><a href=\"https:\/\/fdp-aktiv.de\/blog\/wp-content\/uploads\/2022\/01\/FB_IMG_1643264424443.jpg\"><img loading=\"lazy\" decoding=\"async\" class=\"size-full wp-image-4151\" src=\"https:\/\/fdp-aktiv.de\/blog\/wp-content\/uploads\/2022\/01\/FB_IMG_1643264424443.jpg\" alt=\"Ingo Bodke\" width=\"794\" height=\"787\" srcset=\"https:\/\/fdp-aktiv.de\/blog\/wp-content\/uploads\/2022\/01\/FB_IMG_1643264424443.jpg 794w, https:\/\/fdp-aktiv.de\/blog\/wp-content\/uploads\/2022\/01\/FB_IMG_1643264424443-300x297.jpg 300w, https:\/\/fdp-aktiv.de\/blog\/wp-content\/uploads\/2022\/01\/FB_IMG_1643264424443-150x150.jpg 150w, https:\/\/fdp-aktiv.de\/blog\/wp-content\/uploads\/2022\/01\/FB_IMG_1643264424443-768x761.jpg 768w\" sizes=\"auto, (max-width: 794px) 100vw, 794px\" \/><\/a><figcaption id=\"caption-attachment-4151\" class=\"wp-caption-text\">Ingo Bodke<\/figcaption><\/figure>\n<p>Zur Orientierungsdebatte zum Thema \u201cImpfpflicht\u201d im Bundestag hier mein Fazit: Ich bleibe dabei! Ich bin kein Corona-Verharmloser, nur weil ich die Impfpflicht ablehne. Ich unterst\u00fctze den Antragsentwurf, den mein Fraktionskollege Wolfgang Kubicki federf\u00fchrend eingebracht hat. Eine allgemeine Impfpflicht ist in meinen Augen weder verfassungskonform, noch verhindert sie die Verbreitung von COVID-19. Als Geimpfter hoffe ich nat\u00fcrlich, dass viele weitere Menschen die M\u00f6glichkeit des Impfschutzes nutzen. Was mir jedoch an der gesamten Debatte \u00fcberhaupt nicht gef\u00e4llt, ist die Art und Weise, wie wir stellenweise mit Ungeimpften innerhalb unserer Gesellschaft umgehen. Sie sollen bitte selbst entscheiden k\u00f6nnen, wie sie sich positionieren.<\/p>\n","protected":false},"excerpt":{"rendered":"<p>Zur Orientierungsdebatte zum Thema \u201cImpfpflicht\u201d im Bundestag hier mein Fazit: Ich bleibe dabei! Ich bin kein Corona-Verharmloser, nur weil ich die Impfpflicht ablehne. Ich unterst\u00fctze den Antragsentwurf, den mein Fraktionskollege [&#8230;]<\/p>\n","protected":false},"author":1,"featured_media":0,"comment_status":"open","ping_status":"closed","sticky":false,"template":"","format":"standard","meta":{"footnotes":""},"categories":[4,6],"tags":[937,2688,1903,1900,291,1902,1898,1901,1896,551,1897],"class_list":["post-4150","post","type-post","status-publish","format-standard","hentry","category-covid-19","category-politik","tag-covid19","tag-fdp-bundestag","tag-freieentscheidung","tag-gesellschaft","tag-impfpflicht","tag-impfschutz","tag-ingobodtke","tag-klarehaltung","tag-niegabesmehrzutun","tag-politik","tag-praktikerinsparlament"],"_links":{"self":[{"href":"https:\/\/fdp-aktiv.de\/blog\/wp-json\/wp\/v2\/posts\/4150","targetHints":{"allow":["GET"]}}],"collection":[{"href":"https:\/\/fdp-aktiv.de\/blog\/wp-json\/wp\/v2\/posts"}],"about":[{"href":"https:\/\/fdp-aktiv.de\/blog\/wp-json\/wp\/v2\/types\/post"}],"author":[{"embeddable":true,"href":"https:\/\/fdp-aktiv.de\/blog\/wp-json\/wp\/v2\/users\/1"}],"replies":[{"embeddable":true,"href":"https:\/\/fdp-aktiv.de\/blog\/wp-json\/wp\/v2\/comments?post=4150"}],"version-history":[{"count":1,"href":"https:\/\/fdp-aktiv.de\/blog\/wp-json\/wp\/v2\/posts\/4150\/revisions"}],"predecessor-version":[{"id":4152,"href":"https:\/\/fdp-aktiv.de\/blog\/wp-json\/wp\/v2\/posts\/4150\/revisions\/4152"}],"wp:attachment":[{"href":"https:\/\/fdp-aktiv.de\/blog\/wp-json\/wp\/v2\/media?parent=4150"}],"wp:term":[{"taxonomy":"category","embeddable":true,"href":"https:\/\/fdp-aktiv.de\/blog\/wp-json\/wp\/v2\/categories?post=4150"},{"taxonomy":"post_tag","embeddable":true,"href":"https:\/\/fdp-aktiv.de\/blog\/wp-json\/wp\/v2\/tags?post=4150"}],"curies":[{"name":"wp","href":"https:\/\/api.w.org\/{rel}","templated":true}]}}