{"id":4179,"date":"2022-01-28T09:34:20","date_gmt":"2022-01-28T08:34:20","guid":{"rendered":"https:\/\/fdp-aktiv.de\/blog\/?p=4179"},"modified":"2022-01-28T09:34:20","modified_gmt":"2022-01-28T08:34:20","slug":"niedersachsen-braucht-ein-hochschulfreiheitsgesetz","status":"publish","type":"post","link":"https:\/\/fdp-aktiv.de\/blog\/2022\/01\/28\/niedersachsen-braucht-ein-hochschulfreiheitsgesetz\/","title":{"rendered":"Niedersachsen braucht ein Hochschulfreiheitsgesetz"},"content":{"rendered":"<div class=\"clearfix text-formatted field field--name-body field--type-text-with-summary field--label-hidden field__item\">\n<p>Der Nieders\u00e4chsische Landtag beschloss am heutigen Donnerstag eine umfassende Novelle des Nieders\u00e4chsischen Hochschulgesetzes. Dazu erkl\u00e4rt der wissenschafts- und hochschulpolitische Sprecher der FDP-Fraktion im Nieders\u00e4chsischen Landtag, Lars Alt:<\/p>\n<figure id=\"attachment_4180\" aria-describedby=\"caption-attachment-4180\" style=\"width: 800px\" class=\"wp-caption aligncenter\"><a href=\"https:\/\/fdp-aktiv.de\/blog\/wp-content\/uploads\/2022\/01\/hanover-2798905_1280.jpg\"><img loading=\"lazy\" decoding=\"async\" class=\"size-large wp-image-4180\" src=\"https:\/\/fdp-aktiv.de\/blog\/wp-content\/uploads\/2022\/01\/hanover-2798905_1280-1024x576.jpg\" alt=\"\" width=\"800\" height=\"450\" srcset=\"https:\/\/fdp-aktiv.de\/blog\/wp-content\/uploads\/2022\/01\/hanover-2798905_1280-1024x576.jpg 1024w, https:\/\/fdp-aktiv.de\/blog\/wp-content\/uploads\/2022\/01\/hanover-2798905_1280-300x169.jpg 300w, https:\/\/fdp-aktiv.de\/blog\/wp-content\/uploads\/2022\/01\/hanover-2798905_1280-768x432.jpg 768w, https:\/\/fdp-aktiv.de\/blog\/wp-content\/uploads\/2022\/01\/hanover-2798905_1280.jpg 1280w\" sizes=\"auto, (max-width: 800px) 100vw, 800px\" \/><\/a><figcaption id=\"caption-attachment-4180\" class=\"wp-caption-text\">Bild von <a href=\"https:\/\/pixabay.com\/de\/users\/ja-sicher-6570679\/?utm_source=link-attribution&amp;utm_medium=referral&amp;utm_campaign=image&amp;utm_content=2798905\">Agnes B\u00f6ing<\/a> auf <a href=\"https:\/\/pixabay.com\/de\/?utm_source=link-attribution&amp;utm_medium=referral&amp;utm_campaign=image&amp;utm_content=2798905\">Pixabay<\/a><\/figcaption><\/figure>\n<p>\u201eAuch mit dem neuen Hochschulgesetz bleibt der Wissenschaftsstandort Niedersachsen \u00fcberreguliert und unterfinanziert. Das Gesetz ist nicht mehr als ein Minimalkonsens zwischen zwei m\u00fcden Koalitionspartnern, der die Hochschulen kaum nach vorne bringt.\u00a0Das Land Nordrhein-Westfalen hat bereits vor 15 Jahren ein deutlich weitergehendes Hochschulfreiheitsgesetz verabschiedet. Niedersachsen bleibt selbst im Jahr 2022 hinter diesen M\u00f6glichkeiten zur\u00fcck. Dar\u00fcber hinaus leiden die Hochschulen weiter an den Einsparungen, die ihnen von der Landesregierung auferlegt wurden. Die Hochschulen brauchen mehr Autonomie, auch um vor kurzfristigen politischen Eingriffen, etwa nach Regierungswechseln, gesch\u00fctzt zu sein. Eine Detailsteuerung der Hochschulen durch die Ministerialb\u00fcrokratie schw\u00e4cht den Wissenschaftsstandort Niedersachsen. Hochschulen m\u00fcssen eine weitgehende Freiheit gegen\u00fcber dem Staat haben, um neue Organisationsformen zu erproben, unternehmerisch zu handeln und agil auf neue wissenschaftliche Entwicklungen reagieren zu k\u00f6nnen. Alles andere f\u00fchrt zu mangelnder Konkurrenzf\u00e4higkeit im nationalen und internationalen Wettbewerb um K\u00f6pfe und finanzielle Mittel.<\/p>\n<p>Mit unseren \u00c4nderungsantr\u00e4gen zum Hochschulgesetz wollten wir mehr Autonomie f\u00fcr die Hochschulen in den Bereichen Personal, Finanzen, Bauen und Organisation sicherstellen. Wir m\u00fcssen das Nieders\u00e4chsische Hochschulgesetz zu einem echten Hochschulfreiheitsgesetz machen. Konkret wollen wir das professorale Berufungsrecht allgemein und auf Dauer auf die Hochschulen \u00fcbertragen, die Altersbeschr\u00e4nkung f\u00fcr die Berufbarkeit von Professorinnen und Professoren in ein Beamtenverh\u00e4ltnis flexibilisieren und die Hochschulen in die Arbeitgeberposition unter Beibehaltung von Mitbestimmungsrechten und Tarifgebundenheit versetzen. \u00dcberdies wollen wir f\u00fcr die Hochschulen und die Hochschulverb\u00fcnde, die dies w\u00fcnschen, ein selbstst\u00e4ndiges Bauen erm\u00f6glichen, den Hochschulen volle finanzielle Hoheit \u00fcber einmal ausgezahlte Landesmittel geben und ihnen Eigenverantwortung in der Binnenorganisation \u00fcberlassen. Das Land muss seinen Hochschulen st\u00e4rker vertrauen und ihnen mehr Freiheiten und Experimentierr\u00e4ume geben.\u201c<\/p>\n<\/div>\n","protected":false},"excerpt":{"rendered":"<p>Der Nieders\u00e4chsische Landtag beschloss am heutigen Donnerstag eine umfassende Novelle des Nieders\u00e4chsischen Hochschulgesetzes. Dazu erkl\u00e4rt der wissenschafts- und hochschulpolitische Sprecher der FDP-Fraktion im Nieders\u00e4chsischen Landtag, Lars Alt: \u201eAuch mit dem [&#8230;]<\/p>\n","protected":false},"author":1,"featured_media":0,"comment_status":"open","ping_status":"closed","sticky":false,"template":"","format":"standard","meta":{"footnotes":""},"categories":[34],"tags":[638,1913,639],"class_list":["post-4179","post","type-post","status-publish","format-standard","hentry","category-bildung","tag-fdp-nds","tag-hochschulgesetz","tag-lars-alt"],"_links":{"self":[{"href":"https:\/\/fdp-aktiv.de\/blog\/wp-json\/wp\/v2\/posts\/4179","targetHints":{"allow":["GET"]}}],"collection":[{"href":"https:\/\/fdp-aktiv.de\/blog\/wp-json\/wp\/v2\/posts"}],"about":[{"href":"https:\/\/fdp-aktiv.de\/blog\/wp-json\/wp\/v2\/types\/post"}],"author":[{"embeddable":true,"href":"https:\/\/fdp-aktiv.de\/blog\/wp-json\/wp\/v2\/users\/1"}],"replies":[{"embeddable":true,"href":"https:\/\/fdp-aktiv.de\/blog\/wp-json\/wp\/v2\/comments?post=4179"}],"version-history":[{"count":1,"href":"https:\/\/fdp-aktiv.de\/blog\/wp-json\/wp\/v2\/posts\/4179\/revisions"}],"predecessor-version":[{"id":4181,"href":"https:\/\/fdp-aktiv.de\/blog\/wp-json\/wp\/v2\/posts\/4179\/revisions\/4181"}],"wp:attachment":[{"href":"https:\/\/fdp-aktiv.de\/blog\/wp-json\/wp\/v2\/media?parent=4179"}],"wp:term":[{"taxonomy":"category","embeddable":true,"href":"https:\/\/fdp-aktiv.de\/blog\/wp-json\/wp\/v2\/categories?post=4179"},{"taxonomy":"post_tag","embeddable":true,"href":"https:\/\/fdp-aktiv.de\/blog\/wp-json\/wp\/v2\/tags?post=4179"}],"curies":[{"name":"wp","href":"https:\/\/api.w.org\/{rel}","templated":true}]}}