{"id":4201,"date":"2022-01-29T08:42:54","date_gmt":"2022-01-29T07:42:54","guid":{"rendered":"https:\/\/fdp-aktiv.de\/blog\/?p=4201"},"modified":"2022-01-29T08:42:54","modified_gmt":"2022-01-29T07:42:54","slug":"nrw-strom-lebensmittel-gleichzeitig-produzieren","status":"publish","type":"post","link":"https:\/\/fdp-aktiv.de\/blog\/2022\/01\/29\/nrw-strom-lebensmittel-gleichzeitig-produzieren\/","title":{"rendered":"NRW: Strom &#038; Lebensmittel gleichzeitig produzieren"},"content":{"rendered":"<p><a href=\"https:\/\/fdp-aktiv.de\/blog\/wp-content\/uploads\/2022\/01\/NRW.png\"><img loading=\"lazy\" decoding=\"async\" class=\"aligncenter size-full wp-image-4202\" src=\"https:\/\/fdp-aktiv.de\/blog\/wp-content\/uploads\/2022\/01\/NRW.png\" alt=\"\" width=\"569\" height=\"565\" srcset=\"https:\/\/fdp-aktiv.de\/blog\/wp-content\/uploads\/2022\/01\/NRW.png 569w, https:\/\/fdp-aktiv.de\/blog\/wp-content\/uploads\/2022\/01\/NRW-300x298.png 300w, https:\/\/fdp-aktiv.de\/blog\/wp-content\/uploads\/2022\/01\/NRW-150x150.png 150w\" sizes=\"auto, (max-width: 569px) 100vw, 569px\" \/><\/a><\/p>\n<p><span class=\"_8Pl3R\">Die Notwendigkeit f\u00fcr den Ausbau der erneuerbaren Energien ist unbestritten. Wir wollen dabei die ganze Bandbreite dieser aussch\u00f6pfen \u2013 dazu geh\u00f6rt <\/span><span class=\"_8Pl3R\">selbstverst\u00e4ndlich das gro\u00dfe Potenzial der Photovoltaik (PV). Das Ziel ist mindestens eine Verdreifachung der Kapazit\u00e4ten bis 2030 durch einen massiven Ausbau.<br \/>\n<\/span><\/p>\n<p><span class=\"_8Pl3R\">Die Agri-Photovoltaik-Technologie erm\u00f6glicht Landwirtinnen und Landwirten bei der Bewirtschaftung ihrer Fl\u00e4chen eine doppelte Nutzung: Pflanzen und Strom aus Sonnenenergie k\u00f6nnen gleichzeitig produziert werden. Wir m\u00f6chten die Rahmenbedingungen verbessern und landwirtschaftliche Fl\u00e4chen damit effizienter nutzen. Die Agri-Photovoltaik-Anlagen haben eine Mindesth\u00f6he von 2,10 Metern, sodass eine Bewirtschaftung unterhalb der Agri-Photovoltaik m\u00f6glich ist. Sie sind damit vor allem f\u00fcr Sonderkulturen geeignet. Zudem sollen Genehmigungsverfahren vereinfacht werden und die Landesregierung im Bund darauf hinwirken, die Ausschreibungsbedingungen f\u00fcr Agri-Photovoltaik-Projekte zu verbessern<\/p>\n<p>\u201eDie lichtdurchl\u00e4ssigen Solarmodule der Agri-Photovoltaik-Anlagen k\u00f6nnen Schutzvorkehrungen wie Hagel-, Regen-, Frost-, Sonnen- und Insektenschutzsysteme ersetzen. Das hei\u00dft: Wo bisher Netze und Plastikfolien die Kulturen gesch\u00fctzt haben, k\u00f6nnen in Zukunft Solarmodule nicht nur die Kultur sch\u00fctzen, sondern auch Strom erzeugen. Diese intelligente Fl\u00e4chennutzung bringt einen zus\u00e4tzlichen Mehrwert f\u00fcr Klima und Umwelt. Untersuchungen des Fraunhofer Institutes haben gezeigt, dass durch den Einsatz von Agri-PV sogar die Ertr\u00e4ge gesteigert werden k\u00f6nnen&#8221;, betont unser Sprecher f\u00fcr Energie.<\/span><\/p>\n","protected":false},"excerpt":{"rendered":"<p>Die Notwendigkeit f\u00fcr den Ausbau der erneuerbaren Energien ist unbestritten. Wir wollen dabei die ganze Bandbreite dieser aussch\u00f6pfen \u2013 dazu geh\u00f6rt selbstverst\u00e4ndlich das gro\u00dfe Potenzial der Photovoltaik (PV). Das Ziel [&#8230;]<\/p>\n","protected":false},"author":1,"featured_media":0,"comment_status":"open","ping_status":"closed","sticky":false,"template":"","format":"standard","meta":{"footnotes":""},"categories":[410],"tags":[1421,1917,1918,970],"class_list":["post-4201","post","type-post","status-publish","format-standard","hentry","category-landwirtschaft","tag-agrarpolitik","tag-agripv","tag-dietmar-brockes","tag-fdp-nrw"],"_links":{"self":[{"href":"https:\/\/fdp-aktiv.de\/blog\/wp-json\/wp\/v2\/posts\/4201","targetHints":{"allow":["GET"]}}],"collection":[{"href":"https:\/\/fdp-aktiv.de\/blog\/wp-json\/wp\/v2\/posts"}],"about":[{"href":"https:\/\/fdp-aktiv.de\/blog\/wp-json\/wp\/v2\/types\/post"}],"author":[{"embeddable":true,"href":"https:\/\/fdp-aktiv.de\/blog\/wp-json\/wp\/v2\/users\/1"}],"replies":[{"embeddable":true,"href":"https:\/\/fdp-aktiv.de\/blog\/wp-json\/wp\/v2\/comments?post=4201"}],"version-history":[{"count":1,"href":"https:\/\/fdp-aktiv.de\/blog\/wp-json\/wp\/v2\/posts\/4201\/revisions"}],"predecessor-version":[{"id":4203,"href":"https:\/\/fdp-aktiv.de\/blog\/wp-json\/wp\/v2\/posts\/4201\/revisions\/4203"}],"wp:attachment":[{"href":"https:\/\/fdp-aktiv.de\/blog\/wp-json\/wp\/v2\/media?parent=4201"}],"wp:term":[{"taxonomy":"category","embeddable":true,"href":"https:\/\/fdp-aktiv.de\/blog\/wp-json\/wp\/v2\/categories?post=4201"},{"taxonomy":"post_tag","embeddable":true,"href":"https:\/\/fdp-aktiv.de\/blog\/wp-json\/wp\/v2\/tags?post=4201"}],"curies":[{"name":"wp","href":"https:\/\/api.w.org\/{rel}","templated":true}]}}