{"id":4204,"date":"2022-01-29T09:22:44","date_gmt":"2022-01-29T08:22:44","guid":{"rendered":"https:\/\/fdp-aktiv.de\/blog\/?p=4204"},"modified":"2022-01-29T09:24:37","modified_gmt":"2022-01-29T08:24:37","slug":"mecklenburg-vorpommern-unmut-gegenueber-der-geplanten-neuen-duengeverordnung","status":"publish","type":"post","link":"https:\/\/fdp-aktiv.de\/blog\/2022\/01\/29\/mecklenburg-vorpommern-unmut-gegenueber-der-geplanten-neuen-duengeverordnung\/","title":{"rendered":"Mecklenburg-Vorpommern: Unmut gegen\u00fcber der geplanten neuen D\u00fcngeverordnung"},"content":{"rendered":"<p><em>Am Rande der heutigen Demonstration des Bauernverbandes vor der Staatskanzlei \u00e4u\u00dfert sich die agrarpolitische Sprecherin der FDP-Landtagsfraktion Sandy van Baal:<\/em><\/p>\n<figure id=\"attachment_4205\" aria-describedby=\"caption-attachment-4205\" style=\"width: 441px\" class=\"wp-caption aligncenter\"><a href=\"https:\/\/fdp-aktiv.de\/blog\/wp-content\/uploads\/2022\/01\/csm_van-baal_Sandy_89e8f5c08f.jpg\"><img loading=\"lazy\" decoding=\"async\" class=\"size-full wp-image-4205\" src=\"https:\/\/fdp-aktiv.de\/blog\/wp-content\/uploads\/2022\/01\/csm_van-baal_Sandy_89e8f5c08f.jpg\" alt=\"\" width=\"441\" height=\"600\" srcset=\"https:\/\/fdp-aktiv.de\/blog\/wp-content\/uploads\/2022\/01\/csm_van-baal_Sandy_89e8f5c08f.jpg 441w, https:\/\/fdp-aktiv.de\/blog\/wp-content\/uploads\/2022\/01\/csm_van-baal_Sandy_89e8f5c08f-221x300.jpg 221w\" sizes=\"auto, (max-width: 441px) 100vw, 441px\" \/><\/a><figcaption id=\"caption-attachment-4205\" class=\"wp-caption-text\">Sandy van Baal<\/figcaption><\/figure>\n<p><em><br \/>\n<\/em><br \/>\n\u201eDie heutigen \u00c4u\u00dferungen auf der Demonstration machen betroffen. Ganz offensichtlich gibt es gro\u00dfe Meinungsverschiedenheiten zwischen den Bauern und B\u00e4uerinnen und dem Landwirtschaftsminister von Mecklenburg-Vorpommern. So kann die Situation nicht bleiben, man muss hier schleunigst wieder den Austausch suchen. Ich fordere den Landwirtschaftsminister auf, endlich wieder in eine offene Diskussion mit den Bauern und B\u00e4uerinnen zu treten und hier konstruktiv nach L\u00f6sungen zu suchen. Die FDP-Fraktion steht hierbei klar an der Seite der Betroffenen in der Landwirtschaft.\u201c<\/p>\n<p>Weiterhin kritisiert van Baal die Pl\u00e4ne von Landwirtschaftsminister Till Backhaus zur Neufassung der D\u00fcngelandesverordnung. Nach dem aktuellen Plan w\u00fcrden gesamte Grundwasserk\u00f6rper als sogenannte \u201erote Gebiete\u201c ausgewiesen werden, in denen Landwirte ihre Pflanzen nicht mehr bedarfsgerecht d\u00fcngen und ern\u00e4hren d\u00fcrfen. \u201eDen Protest kann ich verstehen.\u201c, so die agrarpolitische Sprecherin der FDP-Fraktion Sandy van Baal, \u201eDas Ausweisungsverfahren f\u00fcr die roten Gebiete ist sehr intransparent und die dadurch folgenden Einschr\u00e4nkungen sind zu gro\u00df um das stillschweigend hinzunehmen.\u201c<\/p>\n<p>Das Oberverwaltungsgericht in Greifswald hat in seinem Urteil vom 05.11.2021 die bisherige D\u00fcngelandesverordnung aufgrund einer Normenkontrollklage von Landwirten aus MV f\u00fcr nicht rechtens erkl\u00e4rt, weshalb die Landesregierung nun nachsteuern musste.<\/p>\n<p>Laut van Baal sei die Botschaft des Urteils, dass \u201edas Nitratmessstellennetz deutlich erweitert werden\u201c m\u00fcsste, aber im neuen Entwurf der D\u00fcngelandesverordnung ist dies in keiner Weise wiederzufinden. Die FDP-Abgeordnete fordert deshalb, dass mehr Messstellen gebaut und ber\u00fccksichtigt werden m\u00fcssen. Vor allem aber sei ihr wichtig, dass das Verfahren zur Ausweisung der belasteten Gebiete transparent werde und das Landwirtschaftsministerium die Landwirte daran beteilige. \u201eIst-Salden aus der Praxis sind die realistischste und beste Art und Weise, belastete Gebiete festzustellen. MVs Landwirte sind ja schlie\u00dflich ebenfalls eigens daran interessiert, dass unser Wasser sauber wird und bleibt.\u201c<\/p>\n","protected":false},"excerpt":{"rendered":"<p>Am Rande der heutigen Demonstration des Bauernverbandes vor der Staatskanzlei \u00e4u\u00dfert sich die agrarpolitische Sprecherin der FDP-Landtagsfraktion Sandy van Baal: \u201eDie heutigen \u00c4u\u00dferungen auf der Demonstration machen betroffen. Ganz offensichtlich [&#8230;]<\/p>\n","protected":false},"author":1,"featured_media":0,"comment_status":"open","ping_status":"closed","sticky":false,"template":"","format":"standard","meta":{"footnotes":""},"categories":[410],"tags":[1920,1888,1919],"class_list":["post-4204","post","type-post","status-publish","format-standard","hentry","category-landwirtschaft","tag-duengeverordnung","tag-fdp-mv","tag-sandy-van-baal"],"_links":{"self":[{"href":"https:\/\/fdp-aktiv.de\/blog\/wp-json\/wp\/v2\/posts\/4204","targetHints":{"allow":["GET"]}}],"collection":[{"href":"https:\/\/fdp-aktiv.de\/blog\/wp-json\/wp\/v2\/posts"}],"about":[{"href":"https:\/\/fdp-aktiv.de\/blog\/wp-json\/wp\/v2\/types\/post"}],"author":[{"embeddable":true,"href":"https:\/\/fdp-aktiv.de\/blog\/wp-json\/wp\/v2\/users\/1"}],"replies":[{"embeddable":true,"href":"https:\/\/fdp-aktiv.de\/blog\/wp-json\/wp\/v2\/comments?post=4204"}],"version-history":[{"count":1,"href":"https:\/\/fdp-aktiv.de\/blog\/wp-json\/wp\/v2\/posts\/4204\/revisions"}],"predecessor-version":[{"id":4206,"href":"https:\/\/fdp-aktiv.de\/blog\/wp-json\/wp\/v2\/posts\/4204\/revisions\/4206"}],"wp:attachment":[{"href":"https:\/\/fdp-aktiv.de\/blog\/wp-json\/wp\/v2\/media?parent=4204"}],"wp:term":[{"taxonomy":"category","embeddable":true,"href":"https:\/\/fdp-aktiv.de\/blog\/wp-json\/wp\/v2\/categories?post=4204"},{"taxonomy":"post_tag","embeddable":true,"href":"https:\/\/fdp-aktiv.de\/blog\/wp-json\/wp\/v2\/tags?post=4204"}],"curies":[{"name":"wp","href":"https:\/\/api.w.org\/{rel}","templated":true}]}}