{"id":4298,"date":"2022-02-04T14:30:58","date_gmt":"2022-02-04T13:30:58","guid":{"rendered":"https:\/\/fdp-aktiv.de\/blog\/?p=4298"},"modified":"2022-02-04T14:30:58","modified_gmt":"2022-02-04T13:30:58","slug":"thueringer-landeshaushalt-landeshaushalt-ein-freifahrtschein-um-weit-ueber-den-verhaeltnissen-wirtschaften-zu-koennen","status":"publish","type":"post","link":"https:\/\/fdp-aktiv.de\/blog\/2022\/02\/04\/thueringer-landeshaushalt-landeshaushalt-ein-freifahrtschein-um-weit-ueber-den-verhaeltnissen-wirtschaften-zu-koennen\/","title":{"rendered":"Th\u00fcringer Landeshaushalt: Landeshaushalt: Ein Freifahrtschein, um weit \u00fcber den Verh\u00e4ltnissen wirtschaften zu k\u00f6nnen"},"content":{"rendered":"<p>Heute hat der Th\u00fcringer Landtag den Landeshaushalt 2022 verabschiedet. Dazu erkl\u00e4rt Thomas L. Kemmerich, Sprecher der Freien Demokraten im Landtag:<\/p>\n<figure id=\"attachment_3267\" aria-describedby=\"caption-attachment-3267\" style=\"width: 800px\" class=\"wp-caption aligncenter\"><a href=\"https:\/\/fdp-aktiv.de\/blog\/wp-content\/uploads\/2021\/11\/apartments-1845884_1280_Euro.jpg\"><img loading=\"lazy\" decoding=\"async\" class=\"size-large wp-image-3267\" src=\"https:\/\/fdp-aktiv.de\/blog\/wp-content\/uploads\/2021\/11\/apartments-1845884_1280_Euro-1024x682.jpg\" alt=\"Euro\" width=\"800\" height=\"533\" srcset=\"https:\/\/fdp-aktiv.de\/blog\/wp-content\/uploads\/2021\/11\/apartments-1845884_1280_Euro-1024x682.jpg 1024w, https:\/\/fdp-aktiv.de\/blog\/wp-content\/uploads\/2021\/11\/apartments-1845884_1280_Euro-300x200.jpg 300w, https:\/\/fdp-aktiv.de\/blog\/wp-content\/uploads\/2021\/11\/apartments-1845884_1280_Euro-768x512.jpg 768w, https:\/\/fdp-aktiv.de\/blog\/wp-content\/uploads\/2021\/11\/apartments-1845884_1280_Euro.jpg 1280w\" sizes=\"auto, (max-width: 800px) 100vw, 800px\" \/><\/a><figcaption id=\"caption-attachment-3267\" class=\"wp-caption-text\">Beispielfoto Pixabay.de<\/figcaption><\/figure>\n<p>\u201eDieser Haushalt ist und bleibt trotz der Zustimmung der CDU ein rot-rot-gr\u00fcner Haushalt. Der dringend erforderliche, strukturelle Neuanfang findet nicht statt. Die Minderheitsregierung erh\u00e4lt von Linken, SPD und Gr\u00fcnen sowie mit Unterst\u00fctzung der CDU einen Freifahrtschein, weiterhin weit \u00fcber ihren Verh\u00e4ltnissen wirtschaften zu k\u00f6nnen. Was von jedem B\u00fcrger und von jedem Unternehmen gefordert wird, muss auch f\u00fcr eine Landesregierung gelten. Sie muss sorgsam mit dem ihr anvertrauten Geld umgehen. Sie \u00a0kann nur ausgeben, was sie einnimmt. Wir sind an einer Stelle aber auch erleichtert: R2G und CDU haben sich die von uns in den Haushaltsgespr\u00e4chen erhobene Forderung, die Kommunen mit 130 Millionen Euro mehr auszustatten, zu eigen gemacht.\u201c<\/p>\n","protected":false},"excerpt":{"rendered":"<p>Heute hat der Th\u00fcringer Landtag den Landeshaushalt 2022 verabschiedet. Dazu erkl\u00e4rt Thomas L. Kemmerich, Sprecher der Freien Demokraten im Landtag: \u201eDieser Haushalt ist und bleibt trotz der Zustimmung der CDU [&#8230;]<\/p>\n","protected":false},"author":1,"featured_media":0,"comment_status":"open","ping_status":"closed","sticky":false,"template":"","format":"standard","meta":{"footnotes":""},"categories":[55],"tags":[669,1550,1503,271],"class_list":["post-4298","post","type-post","status-publish","format-standard","hentry","category-finanzen","tag-fdp-thueringen","tag-landeshaushalt","tag-r2g","tag-thomas-kemmerich"],"_links":{"self":[{"href":"https:\/\/fdp-aktiv.de\/blog\/wp-json\/wp\/v2\/posts\/4298","targetHints":{"allow":["GET"]}}],"collection":[{"href":"https:\/\/fdp-aktiv.de\/blog\/wp-json\/wp\/v2\/posts"}],"about":[{"href":"https:\/\/fdp-aktiv.de\/blog\/wp-json\/wp\/v2\/types\/post"}],"author":[{"embeddable":true,"href":"https:\/\/fdp-aktiv.de\/blog\/wp-json\/wp\/v2\/users\/1"}],"replies":[{"embeddable":true,"href":"https:\/\/fdp-aktiv.de\/blog\/wp-json\/wp\/v2\/comments?post=4298"}],"version-history":[{"count":1,"href":"https:\/\/fdp-aktiv.de\/blog\/wp-json\/wp\/v2\/posts\/4298\/revisions"}],"predecessor-version":[{"id":4299,"href":"https:\/\/fdp-aktiv.de\/blog\/wp-json\/wp\/v2\/posts\/4298\/revisions\/4299"}],"wp:attachment":[{"href":"https:\/\/fdp-aktiv.de\/blog\/wp-json\/wp\/v2\/media?parent=4298"}],"wp:term":[{"taxonomy":"category","embeddable":true,"href":"https:\/\/fdp-aktiv.de\/blog\/wp-json\/wp\/v2\/categories?post=4298"},{"taxonomy":"post_tag","embeddable":true,"href":"https:\/\/fdp-aktiv.de\/blog\/wp-json\/wp\/v2\/tags?post=4298"}],"curies":[{"name":"wp","href":"https:\/\/api.w.org\/{rel}","templated":true}]}}