{"id":4400,"date":"2022-02-09T20:17:50","date_gmt":"2022-02-09T19:17:50","guid":{"rendered":"https:\/\/fdp-aktiv.de\/blog\/?p=4400"},"modified":"2022-02-09T20:17:50","modified_gmt":"2022-02-09T19:17:50","slug":"scheerer-lucha-gibt-sich-nicht-mal-mehr-muehe-seine-verkorkste-corona-verordnung-zu-verteidigen","status":"publish","type":"post","link":"https:\/\/fdp-aktiv.de\/blog\/2022\/02\/09\/scheerer-lucha-gibt-sich-nicht-mal-mehr-muehe-seine-verkorkste-corona-verordnung-zu-verteidigen\/","title":{"rendered":"Scheerer: Lucha gibt sich nicht mal mehr M\u00fche, seine verkorkste Corona-Verordnung zu verteidigen"},"content":{"rendered":"<p>Antwort auf Landtags-Antrag mehr als d\u00fcrftig<\/p>\n<figure id=\"attachment_4401\" aria-describedby=\"caption-attachment-4401\" style=\"width: 800px\" class=\"wp-caption aligncenter\"><a href=\"https:\/\/fdp-aktiv.de\/blog\/wp-content\/uploads\/2022\/02\/web_scheerer_1198_final.jpg\"><img loading=\"lazy\" decoding=\"async\" class=\"size-large wp-image-4401\" src=\"https:\/\/fdp-aktiv.de\/blog\/wp-content\/uploads\/2022\/02\/web_scheerer_1198_final-1024x682.jpg\" alt=\"\" width=\"800\" height=\"533\" srcset=\"https:\/\/fdp-aktiv.de\/blog\/wp-content\/uploads\/2022\/02\/web_scheerer_1198_final-1024x682.jpg 1024w, https:\/\/fdp-aktiv.de\/blog\/wp-content\/uploads\/2022\/02\/web_scheerer_1198_final-300x200.jpg 300w, https:\/\/fdp-aktiv.de\/blog\/wp-content\/uploads\/2022\/02\/web_scheerer_1198_final-768x512.jpg 768w, https:\/\/fdp-aktiv.de\/blog\/wp-content\/uploads\/2022\/02\/web_scheerer_1198_final-1536x1024.jpg 1536w, https:\/\/fdp-aktiv.de\/blog\/wp-content\/uploads\/2022\/02\/web_scheerer_1198_final.jpg 2000w\" sizes=\"auto, (max-width: 800px) 100vw, 800px\" \/><\/a><figcaption id=\"caption-attachment-4401\" class=\"wp-caption-text\">Hans Dieter Scheerer<\/figcaption><\/figure>\n<p>Im Zusammenhang mit der Beantwortung seines Antrags \u201eFFP2-Maskenpflicht im \u00d6PNV in Baden-W\u00fcrttemberg\u201c (Drucksache 17\/1626) sagte das Mitglied im Verkehrsausschuss, <strong>Hans Dieter Scheerer<\/strong>, f\u00fcr die FDP\/DVP-Fraktion im baden-w\u00fcrttembergischen Landtag:<\/p>\n<p>\u201eEs scheint mir so, als w\u00fcrde sich Sozialminister Lucha nicht mal mehr einen Funken M\u00fche geben, um seine verkorkste und inkonsistente Corona-Politik zu verteidigen. Anders kann ich mir diese mehr als d\u00fcrftigen Antworten auf meinen Landtagsantrag nicht erkl\u00e4ren.<\/p>\n<p>Es ist gut, dass die FFP2-Maskenpflicht im \u00d6PNV nun doch eingef\u00fchrt wurde, das geschah aber erst auf monatelangen Druck der Freien Demokraten. Noch am 12. Januar hat die gr\u00fcn-schwarze Landesregierung sogar behauptet, sie k\u00f6nne eine solche Regelung gar nicht treffen, obwohl eine solche in Bayern und anderen L\u00e4ndern schon der Sachstand war. Auf die Frage, warum Bayern die FFP2-Maskenpflicht schneller umgesetzt bekam als Baden-W\u00fcrttemberg, antwortet die Landesregierung nicht und verweist lapidar auf die inzwischen eingef\u00fchrte Pflicht in der aktuellen Corona-Verordnung. Auch auf die Frage, warum nach alter Regelung in einem Museum mit gro\u00dfem Luftvolumen und Abstandsm\u00f6glichkeiten eine FFP2-Maskenpflicht galt aber noch nicht im \u00d6PNV, wird nur schwadroniert.<\/p>\n<p>Es ist offenbar, dass es gerade nicht um faktenbasierte Politik geht. Vielmehr geht es um autorit\u00e4res Auftreten und auch jetzt tragen die Antworten den Duktus der Besserwisserei und \u00dcberheblichkeit. Mehr Demut st\u00fcnde dieser Landesregierung nach der Vielzahl an kassierten Urteilen und Inkonsistenzen gut zu Gesicht.\u201c<\/p>\n<p>&nbsp;<\/p>\n<p>&nbsp;<\/p>\n","protected":false},"excerpt":{"rendered":"<p>Antwort auf Landtags-Antrag mehr als d\u00fcrftig Im Zusammenhang mit der Beantwortung seines Antrags \u201eFFP2-Maskenpflicht im \u00d6PNV in Baden-W\u00fcrttemberg\u201c (Drucksache 17\/1626) sagte das Mitglied im Verkehrsausschuss, Hans Dieter Scheerer, f\u00fcr die [&#8230;]<\/p>\n","protected":false},"author":1,"featured_media":0,"comment_status":"open","ping_status":"closed","sticky":false,"template":"","format":"standard","meta":{"footnotes":""},"categories":[4],"tags":[16,650,1406,864,894,1801],"class_list":["post-4400","post","type-post","status-publish","format-standard","hentry","category-covid-19","tag-corona","tag-fdp-dvp","tag-ffdp2","tag-hans-dieter-scheerer","tag-maskenpflicht","tag-oepnv"],"_links":{"self":[{"href":"https:\/\/fdp-aktiv.de\/blog\/wp-json\/wp\/v2\/posts\/4400","targetHints":{"allow":["GET"]}}],"collection":[{"href":"https:\/\/fdp-aktiv.de\/blog\/wp-json\/wp\/v2\/posts"}],"about":[{"href":"https:\/\/fdp-aktiv.de\/blog\/wp-json\/wp\/v2\/types\/post"}],"author":[{"embeddable":true,"href":"https:\/\/fdp-aktiv.de\/blog\/wp-json\/wp\/v2\/users\/1"}],"replies":[{"embeddable":true,"href":"https:\/\/fdp-aktiv.de\/blog\/wp-json\/wp\/v2\/comments?post=4400"}],"version-history":[{"count":1,"href":"https:\/\/fdp-aktiv.de\/blog\/wp-json\/wp\/v2\/posts\/4400\/revisions"}],"predecessor-version":[{"id":4402,"href":"https:\/\/fdp-aktiv.de\/blog\/wp-json\/wp\/v2\/posts\/4400\/revisions\/4402"}],"wp:attachment":[{"href":"https:\/\/fdp-aktiv.de\/blog\/wp-json\/wp\/v2\/media?parent=4400"}],"wp:term":[{"taxonomy":"category","embeddable":true,"href":"https:\/\/fdp-aktiv.de\/blog\/wp-json\/wp\/v2\/categories?post=4400"},{"taxonomy":"post_tag","embeddable":true,"href":"https:\/\/fdp-aktiv.de\/blog\/wp-json\/wp\/v2\/tags?post=4400"}],"curies":[{"name":"wp","href":"https:\/\/api.w.org\/{rel}","templated":true}]}}