{"id":4405,"date":"2022-02-10T11:34:45","date_gmt":"2022-02-10T10:34:45","guid":{"rendered":"https:\/\/fdp-aktiv.de\/blog\/?p=4405"},"modified":"2022-02-10T11:34:45","modified_gmt":"2022-02-10T10:34:45","slug":"bayern-fdp-fordert-abschaffung-der-2g-regel-in-allen-bereichen","status":"publish","type":"post","link":"https:\/\/fdp-aktiv.de\/blog\/2022\/02\/10\/bayern-fdp-fordert-abschaffung-der-2g-regel-in-allen-bereichen\/","title":{"rendered":"Bayern: FDP fordert Abschaffung der 2G-Regel in allen Bereichen"},"content":{"rendered":"<figure id=\"attachment_2418\" aria-describedby=\"caption-attachment-2418\" style=\"width: 800px\" class=\"wp-caption aligncenter\"><a href=\"https:\/\/fdp-aktiv.de\/blog\/wp-content\/uploads\/2021\/09\/Hagen1-scaled.jpg\"><img loading=\"lazy\" decoding=\"async\" class=\"size-large wp-image-2418\" src=\"https:\/\/fdp-aktiv.de\/blog\/wp-content\/uploads\/2021\/09\/Hagen1-1024x683.jpg\" alt=\"Martin Hagen\" width=\"800\" height=\"534\" srcset=\"https:\/\/fdp-aktiv.de\/blog\/wp-content\/uploads\/2021\/09\/Hagen1-1024x683.jpg 1024w, https:\/\/fdp-aktiv.de\/blog\/wp-content\/uploads\/2021\/09\/Hagen1-300x200.jpg 300w, https:\/\/fdp-aktiv.de\/blog\/wp-content\/uploads\/2021\/09\/Hagen1-768x512.jpg 768w, https:\/\/fdp-aktiv.de\/blog\/wp-content\/uploads\/2021\/09\/Hagen1-1536x1024.jpg 1536w, https:\/\/fdp-aktiv.de\/blog\/wp-content\/uploads\/2021\/09\/Hagen1-2048x1366.jpg 2048w\" sizes=\"auto, (max-width: 800px) 100vw, 800px\" \/><\/a><figcaption id=\"caption-attachment-2418\" class=\"wp-caption-text\">Martin Hagen<\/figcaption><\/figure>\n<h2>HAGEN: FDP fordert Abschaffung der 2G-Regel in allen Bereichen<\/h2>\n<div class=\"clearfix text-formatted field field--name-body field--type-text-with-summary field--label-hidden field__item\">\n<p>Die FDP beantragt heute im Bayerischen Landtag die Abschaffung der 2G-Regel in allen Bereichen des \u00f6ffentlichen Lebens. K\u00fcnftig sollen auch Ungeimpfte mit negativem Schnelltest wieder Zugang zu Gastst\u00e4tten und Hotels, Hochschulen und Bibliotheken, Schwimmb\u00e4dern und Freizeitparks sowie Sport- und Kulturveranstaltungen erhalten. Dazu erkl\u00e4rt Bayerns FDP-Fraktionschef\u00a0<strong>Martin Hagen<\/strong>:<\/p>\n<p>\u201eOmikron hat die Lage grundlegend ver\u00e4ndert: Zum einen sch\u00fctzt eine Impfung nur noch sehr eingeschr\u00e4nkt vor einer Infektion und davor, das Virus weiterzutragen. Sie bleibt wichtig als Eigenschutz, aber nicht als Fremdschutz.<\/p>\n<p>Zum anderen hat sich die Situation auf den Intensivstationen entspannt, es droht keine \u00dcberlastung des Gesundheitssystems mehr. Damit entf\u00e4llt die Rechtfertigung f\u00fcr die 2G-Regel, die derzeit Millionen von Menschen vom \u00f6ffentlichen Leben ausschlie\u00dft.<\/p>\n<p>Diese Einschr\u00e4nkung von Grundrechten ist nicht mehr verh\u00e4ltnism\u00e4\u00dfig. Die FDP fordert, 2G in allen Bereichen abzuschaffen. \u00dcbergangsweise kann stattdessen die 3G-\u00adRegel Anwendung finden.\u201c<\/p>\n<p><strong>Hier finden Sie:<\/strong><\/p>\n<ul>\n<li><a href=\"https:\/\/www.fdpltby.de\/sites\/default\/files\/resolutions\/2022-02\/DA_%20Auf%20dem%20Weg%20in%20die%20Freiheit%20-%203G%20statt%20geschlossen%2C%202Gplus%20oder%202G-v16-20220209_153712.pdf\" target=\"_blank\" rel=\"noopener\">Den Dringlichkeitsantrag \u201eAuf dem Weg in die Freiheit &#8211; 3G statt geschlossen, 2Gplus oder 2G\u201c<\/a><\/li>\n<\/ul>\n<\/div>\n","protected":false},"excerpt":{"rendered":"<p>HAGEN: FDP fordert Abschaffung der 2G-Regel in allen Bereichen Die FDP beantragt heute im Bayerischen Landtag die Abschaffung der 2G-Regel in allen Bereichen des \u00f6ffentlichen Lebens. K\u00fcnftig sollen auch Ungeimpfte [&#8230;]<\/p>\n","protected":false},"author":1,"featured_media":0,"comment_status":"open","ping_status":"closed","sticky":false,"template":"","format":"standard","meta":{"footnotes":""},"categories":[4,8],"tags":[1388,896,1978,322,313],"class_list":["post-4405","post","type-post","status-publish","format-standard","hentry","category-covid-19","category-wirtschaft","tag-2g-regel","tag-abschaffung","tag-einzelhanel","tag-fdp-bayern","tag-gastronomie"],"_links":{"self":[{"href":"https:\/\/fdp-aktiv.de\/blog\/wp-json\/wp\/v2\/posts\/4405","targetHints":{"allow":["GET"]}}],"collection":[{"href":"https:\/\/fdp-aktiv.de\/blog\/wp-json\/wp\/v2\/posts"}],"about":[{"href":"https:\/\/fdp-aktiv.de\/blog\/wp-json\/wp\/v2\/types\/post"}],"author":[{"embeddable":true,"href":"https:\/\/fdp-aktiv.de\/blog\/wp-json\/wp\/v2\/users\/1"}],"replies":[{"embeddable":true,"href":"https:\/\/fdp-aktiv.de\/blog\/wp-json\/wp\/v2\/comments?post=4405"}],"version-history":[{"count":1,"href":"https:\/\/fdp-aktiv.de\/blog\/wp-json\/wp\/v2\/posts\/4405\/revisions"}],"predecessor-version":[{"id":4406,"href":"https:\/\/fdp-aktiv.de\/blog\/wp-json\/wp\/v2\/posts\/4405\/revisions\/4406"}],"wp:attachment":[{"href":"https:\/\/fdp-aktiv.de\/blog\/wp-json\/wp\/v2\/media?parent=4405"}],"wp:term":[{"taxonomy":"category","embeddable":true,"href":"https:\/\/fdp-aktiv.de\/blog\/wp-json\/wp\/v2\/categories?post=4405"},{"taxonomy":"post_tag","embeddable":true,"href":"https:\/\/fdp-aktiv.de\/blog\/wp-json\/wp\/v2\/tags?post=4405"}],"curies":[{"name":"wp","href":"https:\/\/api.w.org\/{rel}","templated":true}]}}