{"id":4432,"date":"2022-02-11T09:46:13","date_gmt":"2022-02-11T08:46:13","guid":{"rendered":"https:\/\/fdp-aktiv.de\/blog\/?p=4432"},"modified":"2023-01-10T07:00:15","modified_gmt":"2023-01-10T06:00:15","slug":"berlin-stefan-foerster-zu-den-steigenden-quadratmeterpreisen-in-berlin","status":"publish","type":"post","link":"https:\/\/fdp-aktiv.de\/blog\/2022\/02\/11\/berlin-stefan-foerster-zu-den-steigenden-quadratmeterpreisen-in-berlin\/","title":{"rendered":"BERLIN: Stefan F\u00f6rster zu den steigenden Quadratmeterpreisen in Berlin:"},"content":{"rendered":"<p><b>BERLIN<\/b>: Stefan\u00a0F\u00f6rster, Sprecher f\u00fcr Bauen und Wohnen der FDP-Fraktion im Abgeordnetenhaus von\u00a0Berlin, zu den steigenden Quadratmeterpreisen in Berlin:<\/p>\n<figure id=\"attachment_4433\" aria-describedby=\"caption-attachment-4433\" style=\"width: 800px\" class=\"wp-caption aligncenter\"><a href=\"https:\/\/fdp-aktiv.de\/blog\/wp-content\/uploads\/2022\/02\/berlin-507408_1280.jpg\"><img loading=\"lazy\" decoding=\"async\" class=\"size-large wp-image-4433\" src=\"https:\/\/fdp-aktiv.de\/blog\/wp-content\/uploads\/2022\/02\/berlin-507408_1280-1024x682.jpg\" alt=\"\" width=\"800\" height=\"533\" srcset=\"https:\/\/fdp-aktiv.de\/blog\/wp-content\/uploads\/2022\/02\/berlin-507408_1280-1024x682.jpg 1024w, https:\/\/fdp-aktiv.de\/blog\/wp-content\/uploads\/2022\/02\/berlin-507408_1280-300x200.jpg 300w, https:\/\/fdp-aktiv.de\/blog\/wp-content\/uploads\/2022\/02\/berlin-507408_1280-768x512.jpg 768w, https:\/\/fdp-aktiv.de\/blog\/wp-content\/uploads\/2022\/02\/berlin-507408_1280.jpg 1280w\" sizes=\"auto, (max-width: 800px) 100vw, 800px\" \/><\/a><figcaption id=\"caption-attachment-4433\" class=\"wp-caption-text\">Berlin, Kreuzberg, Bild von <a href=\"https:\/\/pixabay.com\/de\/users\/argentum-346421\/?utm_source=link-attribution&amp;utm_medium=referral&amp;utm_campaign=image&amp;utm_content=507408\">Dietmar Silber<\/a> auf <a href=\"https:\/\/pixabay.com\/de\/?utm_source=link-attribution&amp;utm_medium=referral&amp;utm_campaign=image&amp;utm_content=507408\">Pixabay<\/a><\/figcaption><\/figure>\n<p>\u201eDer steigende Quadratmeter-Preis f\u00fcr Wohnungen oder auch Grundst\u00fccke in Berlin macht deutlich, wie dramatisch die Lage in der Hauptstadt ist. Er ist ein Indikator daf\u00fcr, dass die Stadt die Nachfrage nicht abdecken kann und somit die Preise immer weiter anziehen. Der Senat muss endlich das Bauen vereinfachen und beschleunigen. Daf\u00fcr brauchen wir ein umfassendes Ma\u00dfnahmenpaket: Einf\u00fchrung eines \u201eMieten-T\u00dcVs\u201c, Einsetzung einer Baukostensenkungskommission, die sich um die Reduzierung landeseigener Vorgaben k\u00fcmmert, Dachgeschosse m\u00fcssen z\u00fcgig ausgebaut und ein Baul\u00fcckenkataster endlich eingerichtet werden. Dies sind die richtigen Schritte, um die so dringend ben\u00f6tigten 200.000 Wohnungen bis 2030 bereitstellen zu k\u00f6nnen und auch die Wirtschaft der Hauptstadt anzukurbeln.\u201c<\/p>\n<p>&nbsp;<\/p>\n","protected":false},"excerpt":{"rendered":"<p>BERLIN: Stefan\u00a0F\u00f6rster, Sprecher f\u00fcr Bauen und Wohnen der FDP-Fraktion im Abgeordnetenhaus von\u00a0Berlin, zu den steigenden Quadratmeterpreisen in Berlin: \u201eDer steigende Quadratmeter-Preis f\u00fcr Wohnungen oder auch Grundst\u00fccke in Berlin macht deutlich, [&#8230;]<\/p>\n","protected":false},"author":1,"featured_media":0,"comment_status":"open","ping_status":"closed","sticky":false,"template":"","format":"standard","meta":{"footnotes":""},"categories":[207,8],"tags":[706,2921,1986,765,1984],"class_list":["post-4432","post","type-post","status-publish","format-standard","hentry","category-familie-wohnen","category-wirtschaft","tag-fdp-berlin","tag-mieten","tag-quadrahtmeterpreise","tag-stefan-foerster","tag-wohnungen"],"_links":{"self":[{"href":"https:\/\/fdp-aktiv.de\/blog\/wp-json\/wp\/v2\/posts\/4432","targetHints":{"allow":["GET"]}}],"collection":[{"href":"https:\/\/fdp-aktiv.de\/blog\/wp-json\/wp\/v2\/posts"}],"about":[{"href":"https:\/\/fdp-aktiv.de\/blog\/wp-json\/wp\/v2\/types\/post"}],"author":[{"embeddable":true,"href":"https:\/\/fdp-aktiv.de\/blog\/wp-json\/wp\/v2\/users\/1"}],"replies":[{"embeddable":true,"href":"https:\/\/fdp-aktiv.de\/blog\/wp-json\/wp\/v2\/comments?post=4432"}],"version-history":[{"count":1,"href":"https:\/\/fdp-aktiv.de\/blog\/wp-json\/wp\/v2\/posts\/4432\/revisions"}],"predecessor-version":[{"id":4434,"href":"https:\/\/fdp-aktiv.de\/blog\/wp-json\/wp\/v2\/posts\/4432\/revisions\/4434"}],"wp:attachment":[{"href":"https:\/\/fdp-aktiv.de\/blog\/wp-json\/wp\/v2\/media?parent=4432"}],"wp:term":[{"taxonomy":"category","embeddable":true,"href":"https:\/\/fdp-aktiv.de\/blog\/wp-json\/wp\/v2\/categories?post=4432"},{"taxonomy":"post_tag","embeddable":true,"href":"https:\/\/fdp-aktiv.de\/blog\/wp-json\/wp\/v2\/tags?post=4432"}],"curies":[{"name":"wp","href":"https:\/\/api.w.org\/{rel}","templated":true}]}}