{"id":4611,"date":"2022-02-23T15:19:43","date_gmt":"2022-02-23T14:19:43","guid":{"rendered":"https:\/\/fdp-aktiv.de\/blog\/?p=4611"},"modified":"2022-02-23T15:24:22","modified_gmt":"2022-02-23T14:24:22","slug":"statement-torsten-herbst-zur-impfpflicht","status":"publish","type":"post","link":"https:\/\/fdp-aktiv.de\/blog\/2022\/02\/23\/statement-torsten-herbst-zur-impfpflicht\/","title":{"rendered":"Statement: Torsten Herbst MdB zur Impfpflicht"},"content":{"rendered":"<figure id=\"attachment_4612\" aria-describedby=\"caption-attachment-4612\" style=\"width: 750px\" class=\"wp-caption aligncenter\"><a href=\"https:\/\/fdp-aktiv.de\/blog\/wp-content\/uploads\/2022\/02\/TH-Portraet-2-neu-KP-bearbeitet.jpg\"><img loading=\"lazy\" decoding=\"async\" class=\"size-full wp-image-4612\" src=\"https:\/\/fdp-aktiv.de\/blog\/wp-content\/uploads\/2022\/02\/TH-Portraet-2-neu-KP-bearbeitet.jpg\" alt=\"Torsten Herbst\" width=\"750\" height=\"420\" srcset=\"https:\/\/fdp-aktiv.de\/blog\/wp-content\/uploads\/2022\/02\/TH-Portraet-2-neu-KP-bearbeitet.jpg 750w, https:\/\/fdp-aktiv.de\/blog\/wp-content\/uploads\/2022\/02\/TH-Portraet-2-neu-KP-bearbeitet-300x168.jpg 300w\" sizes=\"auto, (max-width: 750px) 100vw, 750px\" \/><\/a><figcaption id=\"caption-attachment-4612\" class=\"wp-caption-text\">Torsten Herbst MdB<br \/>Parlamentarischer Gesch\u00e4ftsf\u00fchrer<br \/>Fraktion der Freien Demokraten (FDP)<\/figcaption><\/figure>\n<p><em>\u201eIch habe mir die Entscheidung nicht leicht gemacht. Dennoch komme ich nach Abw\u00e4gung der vielf\u00e4ltigen Argumente zu dem Schluss, dass die Einf\u00fchrung einer allgemeinen Impfpflicht derzeit der falsche Schritt im weiteren Umgang mit der Corona-Pandemie w\u00e4re. Als dreifach Geimpfter werbe ich ausdr\u00fccklich f\u00fcr das Impfen, aber nicht f\u00fcr die Impfpflicht.<\/em><\/p>\n<p><em>Klar ist: Eine hohe Impfquote verhindert schwere Krankheitsverl\u00e4ufe und entlastet damit unsere Krankenh\u00e4user. Gleichzeitig w\u00e4re eine gesetzliche Impfpflicht f\u00fcr alle B\u00fcrgerinnen und B\u00fcrger aber ein erheblicher Eingriff in das Grundrecht auf k\u00f6rperliche Unversehrtheit. Um einen derartig schweren Grundrechtseingriff zu rechtfertigen, gibt es zu viele offene Fragen \u00fcber die konkrete Ausgestaltung einer allgemeinen Impfpflicht. <\/em><\/p>\n<p><em>Fragen bez\u00fcglich der Schutzdauer und des Schutzumfangs einer Impfung sind nicht abschlie\u00dfend gekl\u00e4rt. Das gilt erst recht f\u00fcr die Wirkung bei neuen Mutationen. So ist im Gegensatz zu den lange Immunit\u00e4t gew\u00e4hrenden Impfstoffen gegen Masern oder Pocken bis heute unklar, wie h\u00e4ufig und mit welchen Impfstoffen eine Corona-Schutzimpfung wiederholt werden muss. Nicht gekl\u00e4rt ist zudem die Frage, wie mit Impfverweigerern umgegangen werden soll, die kein Bu\u00dfgeld zahlen. Wenn ein Staat Pflichten beschlie\u00dft, m\u00fcsste er sie auch konsequent durchsetzen &#8211; und eine weitere Spaltung der Gesellschaft in Kauf nehmen. Eine Impfpflicht beendet zudem nicht die Pandemie. <\/em><em>\u00a0<\/em><\/p>\n<p><em>Statt Impfunwillige zu zwingen, sollte ein anderer Weg eingeschlagen werden. Niedrigschwellige Impfangebote m\u00fcssen aufrechterhalten und ausgebaut werden. Jede B\u00fcrgerin und jeder B\u00fcrger sollten zudem direkt mit dem Angebot eines Impftermins angeschrieben werden. In den L\u00e4ndern sollten nicht zuletzt zeitnah individuell Beratungsangebote geschaffen werden, um insbesondere auch Menschen ohne festen Hausarzt eine vertrauensvolle und individuelle Beratung zu erm\u00f6glichen.\u201c<\/em><\/p>\n","protected":false},"excerpt":{"rendered":"<p>\u201eIch habe mir die Entscheidung nicht leicht gemacht. Dennoch komme ich nach Abw\u00e4gung der vielf\u00e4ltigen Argumente zu dem Schluss, dass die Einf\u00fchrung einer allgemeinen Impfpflicht derzeit der falsche Schritt im [&#8230;]<\/p>\n","protected":false},"author":1,"featured_media":0,"comment_status":"open","ping_status":"closed","sticky":false,"template":"","format":"standard","meta":{"footnotes":""},"categories":[4,173],"tags":[291,63,471],"class_list":["post-4611","post","type-post","status-publish","format-standard","hentry","category-covid-19","category-podcast","tag-impfpflicht","tag-statement","tag-torsten-herbst"],"_links":{"self":[{"href":"https:\/\/fdp-aktiv.de\/blog\/wp-json\/wp\/v2\/posts\/4611","targetHints":{"allow":["GET"]}}],"collection":[{"href":"https:\/\/fdp-aktiv.de\/blog\/wp-json\/wp\/v2\/posts"}],"about":[{"href":"https:\/\/fdp-aktiv.de\/blog\/wp-json\/wp\/v2\/types\/post"}],"author":[{"embeddable":true,"href":"https:\/\/fdp-aktiv.de\/blog\/wp-json\/wp\/v2\/users\/1"}],"replies":[{"embeddable":true,"href":"https:\/\/fdp-aktiv.de\/blog\/wp-json\/wp\/v2\/comments?post=4611"}],"version-history":[{"count":4,"href":"https:\/\/fdp-aktiv.de\/blog\/wp-json\/wp\/v2\/posts\/4611\/revisions"}],"predecessor-version":[{"id":4616,"href":"https:\/\/fdp-aktiv.de\/blog\/wp-json\/wp\/v2\/posts\/4611\/revisions\/4616"}],"wp:attachment":[{"href":"https:\/\/fdp-aktiv.de\/blog\/wp-json\/wp\/v2\/media?parent=4611"}],"wp:term":[{"taxonomy":"category","embeddable":true,"href":"https:\/\/fdp-aktiv.de\/blog\/wp-json\/wp\/v2\/categories?post=4611"},{"taxonomy":"post_tag","embeddable":true,"href":"https:\/\/fdp-aktiv.de\/blog\/wp-json\/wp\/v2\/tags?post=4611"}],"curies":[{"name":"wp","href":"https:\/\/api.w.org\/{rel}","templated":true}]}}