{"id":4671,"date":"2022-03-01T07:42:30","date_gmt":"2022-03-01T06:42:30","guid":{"rendered":"https:\/\/fdp-aktiv.de\/blog\/?p=4671"},"modified":"2022-03-01T07:42:30","modified_gmt":"2022-03-01T06:42:30","slug":"baden-wuerttemberg-heitlinger-der-krieg-in-der-ukraine-erfordert-ein-umdenken-auch-in-der-landwirtschaftspolitik","status":"publish","type":"post","link":"https:\/\/fdp-aktiv.de\/blog\/2022\/03\/01\/baden-wuerttemberg-heitlinger-der-krieg-in-der-ukraine-erfordert-ein-umdenken-auch-in-der-landwirtschaftspolitik\/","title":{"rendered":"Baden-W\u00fcrttemberg Heitlinger: Der Krieg in der Ukraine erfordert ein Umdenken auch in der Landwirtschaftspolitik"},"content":{"rendered":"<p>Lebensmittelimporte f\u00fchren zu Abh\u00e4ngigkeiten von undemokratischen Regimen<\/p>\n<p>Der agrarpolitische Sprecher der FDP\/DVP-Fraktion,<strong> Georg Heitlinger, <\/strong>meint zur Rolle der Landwirtschaft und der Sicherheit der Nahrungsmittelversorgung aufgrund der Ukraine-Krise:<\/p>\n<figure id=\"attachment_4672\" aria-describedby=\"caption-attachment-4672\" style=\"width: 800px\" class=\"wp-caption aligncenter\"><a href=\"https:\/\/fdp-aktiv.de\/blog\/wp-content\/uploads\/2022\/03\/supermarket-949913_1280.jpg\"><img loading=\"lazy\" decoding=\"async\" class=\"size-large wp-image-4672\" src=\"https:\/\/fdp-aktiv.de\/blog\/wp-content\/uploads\/2022\/03\/supermarket-949913_1280-1024x678.jpg\" alt=\"\" width=\"800\" height=\"530\" srcset=\"https:\/\/fdp-aktiv.de\/blog\/wp-content\/uploads\/2022\/03\/supermarket-949913_1280-1024x678.jpg 1024w, https:\/\/fdp-aktiv.de\/blog\/wp-content\/uploads\/2022\/03\/supermarket-949913_1280-300x199.jpg 300w, https:\/\/fdp-aktiv.de\/blog\/wp-content\/uploads\/2022\/03\/supermarket-949913_1280-768x508.jpg 768w, https:\/\/fdp-aktiv.de\/blog\/wp-content\/uploads\/2022\/03\/supermarket-949913_1280.jpg 1280w\" sizes=\"auto, (max-width: 800px) 100vw, 800px\" \/><\/a><figcaption id=\"caption-attachment-4672\" class=\"wp-caption-text\">Bild von <a href=\"https:\/\/pixabay.com\/de\/users\/elasticcomputefarm-1865639\/?utm_source=link-attribution&amp;utm_medium=referral&amp;utm_campaign=image&amp;utm_content=949913\">ElasticComputeFarm<\/a> auf <a href=\"https:\/\/pixabay.com\/de\/?utm_source=link-attribution&amp;utm_medium=referral&amp;utm_campaign=image&amp;utm_content=949913\">Pixabay<\/a><\/figcaption><\/figure>\n<p>\u201eDer Krieg in der Ukraine f\u00fchrt uns die eigene, zu gro\u00dfe Abh\u00e4ngigkeit von Importen vor Augen. Das Thema Energiesicherheit ist bereits in der Diskussion angekommen und wird f\u00fcr ein Umdenken sorgen. Aber auch bei Agrarerzeugnissen m\u00fcssen wir unsere Abh\u00e4ngigkeit von Importen hinterfragen. Sowohl Russland als auch die Ukraine sind wichtige Exporteure von Agrarerzeugnissen wie Weizen, Mais und Sonnenblumen\u00f6l. Krieg und Sanktionen k\u00f6nnen zu einschneidenden Engp\u00e4ssen und eklatanten Preissteigerungen f\u00fchren.\u201c<\/p>\n<p>Auch Baden-W\u00fcrttemberg m\u00fcsse seine Landwirtschaftspolitik hinterfragen und umdenken: \u201eDer Selbstversorgungsgrad Baden-W\u00fcrttembergs liegt bei fast allen Lebensmitteln unter 100 Prozent, bei vielen sogar unter 50 Prozent. Diese Entwicklung nimmt immer weiter Fahrt auf, wie bereits die Dauerkrise der Milchbauern und die aktuelle Krise auf dem Schweinemarkt gezeigt haben.<\/p>\n<p>Wir m\u00fcssen dringend wieder unabh\u00e4ngiger von Lebensmittelimporten werden, um die Versorgungssicherheit zu wahren. Ich fordere die Landesregierung auf, Auflagen, die \u00fcber die Vorgaben aus Br\u00fcssel und Berlin hinausgehen, zu \u00fcberpr\u00fcfen und sich selbst ein Moratorium f\u00fcr neue und geplante Auflagen aufzuerlegen, damit es nicht zu einem erheblichen internationalen Wettbewerbsnachteil baden-w\u00fcrttembergischer Agrarerzeugnisse kommt und die Versorgungssicherheit nicht gef\u00e4hrdet wird.<\/p>\n<p>Anderseits kann die Landwirtschaft kurzfristig und effektiv zur Behebung von potenziellen Energieengp\u00e4ssen beitragen zum Beispiel durch eine vor\u00fcbergehende Aufhebung der Begrenzungen f\u00fcr Biogasanlagen.<\/p>\n<p>Die aktuelle politische Situation verdeutlicht einmal mehr, dass wir uns nach Kr\u00e4ften f\u00fcr den Erhalt und die F\u00f6rderung der b\u00e4uerlichen Familienbetriebe sowie eine fl\u00e4chendeckende, umwelt-, klima- und tiergerechte Landwirtschaft in Baden-W\u00fcrttemberg einsetzen m\u00fcssen. Ein Umdenken der aktuellen Landwirtschaftspolitik ist gefragt, denn die zunehmende Abh\u00e4ngigkeit von Lebensmittelimporten schadet auch der Unabh\u00e4ngigkeit von undemokratischen Regimen.\u201c<\/p>\n<p>&nbsp;<\/p>\n","protected":false},"excerpt":{"rendered":"<p>Lebensmittelimporte f\u00fchren zu Abh\u00e4ngigkeiten von undemokratischen Regimen Der agrarpolitische Sprecher der FDP\/DVP-Fraktion, Georg Heitlinger, meint zur Rolle der Landwirtschaft und der Sicherheit der Nahrungsmittelversorgung aufgrund der Ukraine-Krise: \u201eDer Krieg in [&#8230;]<\/p>\n","protected":false},"author":1,"featured_media":0,"comment_status":"open","ping_status":"closed","sticky":false,"template":"","format":"standard","meta":{"footnotes":""},"categories":[410],"tags":[2052,650,1497,2051,2050],"class_list":["post-4671","post","type-post","status-publish","format-standard","hentry","category-landwirtschaft","tag-agrarerzeugnisse","tag-fdp-dvp","tag-georg-heitlinger","tag-importe","tag-lebensmittel"],"_links":{"self":[{"href":"https:\/\/fdp-aktiv.de\/blog\/wp-json\/wp\/v2\/posts\/4671","targetHints":{"allow":["GET"]}}],"collection":[{"href":"https:\/\/fdp-aktiv.de\/blog\/wp-json\/wp\/v2\/posts"}],"about":[{"href":"https:\/\/fdp-aktiv.de\/blog\/wp-json\/wp\/v2\/types\/post"}],"author":[{"embeddable":true,"href":"https:\/\/fdp-aktiv.de\/blog\/wp-json\/wp\/v2\/users\/1"}],"replies":[{"embeddable":true,"href":"https:\/\/fdp-aktiv.de\/blog\/wp-json\/wp\/v2\/comments?post=4671"}],"version-history":[{"count":1,"href":"https:\/\/fdp-aktiv.de\/blog\/wp-json\/wp\/v2\/posts\/4671\/revisions"}],"predecessor-version":[{"id":4673,"href":"https:\/\/fdp-aktiv.de\/blog\/wp-json\/wp\/v2\/posts\/4671\/revisions\/4673"}],"wp:attachment":[{"href":"https:\/\/fdp-aktiv.de\/blog\/wp-json\/wp\/v2\/media?parent=4671"}],"wp:term":[{"taxonomy":"category","embeddable":true,"href":"https:\/\/fdp-aktiv.de\/blog\/wp-json\/wp\/v2\/categories?post=4671"},{"taxonomy":"post_tag","embeddable":true,"href":"https:\/\/fdp-aktiv.de\/blog\/wp-json\/wp\/v2\/tags?post=4671"}],"curies":[{"name":"wp","href":"https:\/\/api.w.org\/{rel}","templated":true}]}}